{"id":2586,"date":"2023-10-30T13:09:34","date_gmt":"2023-10-30T12:09:34","guid":{"rendered":"https:\/\/pasaenmendoza.com\/?p=2586"},"modified":"2023-10-30T13:09:35","modified_gmt":"2023-10-30T12:09:35","slug":"despues-del-zonda-se-vienen-dias-frescos-en-mendoza","status":"publish","type":"post","link":"https:\/\/pasaenmendoza.com\/?p=2586","title":{"rendered":"Despu\u00e9s del Zonda, se vienen d\u00edas frescos en Mendoza"},"content":{"rendered":"\n<p>Este lunes, la semana comienza\u00a0<strong>con un marcado descenso de la temperatura.\u00a0Despu\u00e9s del Zonda, el viento del sureste se hace sentir.<\/strong><\/p>\n\n\n\n<p>Seg\u00fan el\u00a0<strong>Servicio Meteorol\u00f3gico Nacional<\/strong>, este lunes la temperatura m\u00e1xima llegar\u00e1 a los<strong>\u00a019\u00b0,<\/strong>\u00a0con viento del sureste y r\u00e1fagas de entre 40 y 50 kil\u00f3metros por hora.\u00a0<\/p>\n\n\n\n<p>No hay por el momento lluvias o precipitaciones previstas.&nbsp;<\/p>\n\n\n\n<p>Para ma\u00f1ana martes, la temperatura m\u00e1xima se prev\u00e9 en 22\u00b0 pero el mi\u00e9rcoles vuelve a descender y llegar\u00e1 a 16\u00b0.&nbsp;<\/p>\n\n\n\n<p>Reci\u00e9n para el fin de semana se volver\u00e1 a sentir el calorcito.<\/p>\n\n\n\n<p><strong>Fuente: www.mendozapost.com<\/strong><\/p>\n","protected":false},"excerpt":{"rendered":"<p>Este lunes, la semana comienza\u00a0con un marcado descenso de la temperatura.\u00a0Despu\u00e9s del Zonda, el viento del sureste se hace sentir. Seg\u00fan el\u00a0Servicio Meteorol\u00f3gico Nacional, este lunes la temperatura m\u00e1xima llegar\u00e1 a los\u00a019\u00b0,\u00a0con viento del sureste y r\u00e1fagas de entre 40 y 50 kil\u00f3metros por hora.\u00a0 No hay por el momento lluvias o precipitaciones previstas.&nbsp; Para [&hellip;]<\/p>\n","protected":false},"author":2,"featured_media":2587,"comment_status":"open","ping_status":"open","sticky":false,"template":"","format":"standard","meta":[],"categories":[52],"tags":[],"_links":{"self":[{"href":"https:\/\/pasaenmendoza.com\/index.php?rest_route=\/wp\/v2\/posts\/2586"}],"collection":[{"href":"https:\/\/pasaenmendoza.com\/index.php?rest_route=\/wp\/v2\/posts"}],"about":[{"href":"https:\/\/pasaenmendoza.com\/index.php?rest_route=\/wp\/v2\/types\/post"}],"author":[{"embeddable":true,"href":"https:\/\/pasaenmendoza.com\/index.php?rest_route=\/wp\/v2\/users\/2"}],"replies":[{"embeddable":true,"href":"https:\/\/pasaenmendoza.com\/index.php?rest_route=%2Fwp%2Fv2%2Fcomments&post=2586"}],"version-history":[{"count":1,"href":"https:\/\/pasaenmendoza.com\/index.php?rest_route=\/wp\/v2\/posts\/2586\/revisions"}],"predecessor-version":[{"id":2588,"href":"https:\/\/pasaenmendoza.com\/index.php?rest_route=\/wp\/v2\/posts\/2586\/revisions\/2588"}],"wp:featuredmedia":[{"embeddable":true,"href":"https:\/\/pasaenmendoza.com\/index.php?rest_route=\/wp\/v2\/media\/2587"}],"wp:attachment":[{"href":"https:\/\/pasaenmendoza.com\/index.php?rest_route=%2Fwp%2Fv2%2Fmedia&parent=2586"}],"wp:term":[{"taxonomy":"category","embeddable":true,"href":"https:\/\/pasaenmendoza.com\/index.php?rest_route=%2Fwp%2Fv2%2Fcategories&post=2586"},{"taxonomy":"post_tag","embeddable":true,"href":"https:\/\/pasaenmendoza.com\/index.php?rest_route=%2Fwp%2Fv2%2Ftags&post=2586"}],"curies":[{"name":"wp","href":"https:\/\/api.w.org\/{rel}","templated":true}]}}