{"id":2589,"date":"2023-10-30T13:13:58","date_gmt":"2023-10-30T12:13:58","guid":{"rendered":"https:\/\/pasaenmendoza.com\/?p=2589"},"modified":"2023-10-30T13:14:00","modified_gmt":"2023-10-30T12:14:00","slug":"post-zonda-el-fuego-esta-controlado-y-comienzan-a-extinguirlo","status":"publish","type":"post","link":"https:\/\/pasaenmendoza.com\/?p=2589","title":{"rendered":"Post Zonda: el fuego est\u00e1 controlado y comienzan a extinguirlo"},"content":{"rendered":"\n<p>Siguen los trabajos para extinguir los diferentes incendios que provoc\u00f3 el Viento Zonda este fin de semana. Hay focos \u00edgneos activos en los departamentos de Las Heras y Luj\u00e1n de Cuyo. Lleg\u00f3 personal de otras provincias a colaborar.<\/p>\n\n\n\n<p><strong>El detalle por zona<\/strong><\/p>\n\n\n\n<p>El Gobierno inform\u00f3 que en El Challao sobrevuelan la zona mediante la utilizaci\u00f3n de drones y hasta el momento no se visualizan nuevos focos de incendio.\u00a0<\/p>\n\n\n\n<p>Mientras que en Luj\u00e1n de Cuyo, durante la noche de este domingo se sumaron a las tareas personal del Cuartel Central de Bomberos y de Incendios Forestales de la Provincia de San Juan con 23 efectivos en colaboraci\u00f3n. Tambi\u00e9n participan de los operativos 68 brigadistas de C\u00f3rdoba. Las seis personas evacuadas fueron trasladadas en colectivos al Polideportivo de Luj\u00e1n.\u00a0<\/p>\n\n\n\n<p>En Colonia Suiza, el fuego est\u00e1 controlado pero contin\u00faan con las tareas de extinci\u00f3n. En estos momentos se encuentran trabajando con tareas de enfriamiento. &#8220;Por el momento no se han registrado personas lesionadas ni desgracias que lamentar. Producto del siniestro han resultado afectadas aproximadamente unas 20\/25 caba\u00f1as&#8221;, informaron desde el Gobierno de Mendoza.<\/p>\n\n\n\n<p>Por su parte, en el Cerro Los C\u00f3ndores, el primer cerro fue sofocado, mientras que en el segundo todav\u00eda tiene varios focos \u00edgneo que ser\u00e1n atacados de manera a\u00e9rea (helic\u00f3ptero o aviones hidrantes) en cuanto las condiciones clim\u00e1ticas lo permitan.<\/p>\n\n\n\n<p>En la Ruta 82 y La Uni\u00f3n el fuego fue controlado y sofocado y actualmente se realizan tareas de enfriamiento.\u00a0<\/p>\n\n\n\n<p>En el Cerro La Crucecita, las llamas fueron sofocadas y se encuentran con tareas de enfriamiento.\u00a0<\/p>\n\n\n\n<p>Desde el Comit\u00e9 de Crisis, apostado en Luj\u00e1n y en el estadio Aconcagua Arena, se realiza un trabajo conjunto y en coordinaci\u00f3n con los municipios de toda la provincia para combatir los focos activos.<\/p>\n\n\n\n<p>Equipos de bomberos, brigadistas y polic\u00eda se encuentran trabajando con turnos rotativos. Hasta las 4 de la ma\u00f1ana estuvieron presentes los ministros de Seguridad, Ra\u00fal Levrino, y de Salud, Ana Mar\u00eda Nadal, en el centro de operaciones de Luj\u00e1n.\u00a0<\/p>\n\n\n\n<p><strong>Los reclamos por cortes de energ\u00eda el\u00e9ctrica:\u00a0<\/strong><\/p>\n\n\n\n<p>-EDEMSA: 0800 3333 672 \/ 2613435647 (WhatsApp)&nbsp;<\/p>\n\n\n\n<p>-Cooperativa El\u00e9ctrica de Godoy Cruz: 0800 999 0756&nbsp;<\/p>\n\n\n\n<p>-EDESTE: 0800 666 3337&nbsp;<\/p>\n\n\n\n<p><em><strong>*El n\u00famero<\/strong>\u00a0911\u00a0<strong>debe ser utilizado exclusivamente en situaciones de riesgo inmediato o emergencias que requieran la intervenci\u00f3n de las fuerzas de seguridad.<\/strong><\/em><\/p>\n\n\n\n<p><strong>Fuente: www.menddozapost.com<\/strong><\/p>\n","protected":false},"excerpt":{"rendered":"<p>Siguen los trabajos para extinguir los diferentes incendios que provoc\u00f3 el Viento Zonda este fin de semana. Hay focos \u00edgneos activos en los departamentos de Las Heras y Luj\u00e1n de Cuyo. Lleg\u00f3 personal de otras provincias a colaborar. El detalle por zona El Gobierno inform\u00f3 que en El Challao sobrevuelan la zona mediante la utilizaci\u00f3n [&hellip;]<\/p>\n","protected":false},"author":2,"featured_media":2590,"comment_status":"open","ping_status":"open","sticky":false,"template":"","format":"standard","meta":[],"categories":[50],"tags":[],"_links":{"self":[{"href":"https:\/\/pasaenmendoza.com\/index.php?rest_route=\/wp\/v2\/posts\/2589"}],"collection":[{"href":"https:\/\/pasaenmendoza.com\/index.php?rest_route=\/wp\/v2\/posts"}],"about":[{"href":"https:\/\/pasaenmendoza.com\/index.php?rest_route=\/wp\/v2\/types\/post"}],"author":[{"embeddable":true,"href":"https:\/\/pasaenmendoza.com\/index.php?rest_route=\/wp\/v2\/users\/2"}],"replies":[{"embeddable":true,"href":"https:\/\/pasaenmendoza.com\/index.php?rest_route=%2Fwp%2Fv2%2Fcomments&post=2589"}],"version-history":[{"count":1,"href":"https:\/\/pasaenmendoza.com\/index.php?rest_route=\/wp\/v2\/posts\/2589\/revisions"}],"predecessor-version":[{"id":2591,"href":"https:\/\/pasaenmendoza.com\/index.php?rest_route=\/wp\/v2\/posts\/2589\/revisions\/2591"}],"wp:featuredmedia":[{"embeddable":true,"href":"https:\/\/pasaenmendoza.com\/index.php?rest_route=\/wp\/v2\/media\/2590"}],"wp:attachment":[{"href":"https:\/\/pasaenmendoza.com\/index.php?rest_route=%2Fwp%2Fv2%2Fmedia&parent=2589"}],"wp:term":[{"taxonomy":"category","embeddable":true,"href":"https:\/\/pasaenmendoza.com\/index.php?rest_route=%2Fwp%2Fv2%2Fcategories&post=2589"},{"taxonomy":"post_tag","embeddable":true,"href":"https:\/\/pasaenmendoza.com\/index.php?rest_route=%2Fwp%2Fv2%2Ftags&post=2589"}],"curies":[{"name":"wp","href":"https:\/\/api.w.org\/{rel}","templated":true}]}}