{"id":2592,"date":"2023-10-30T13:35:35","date_gmt":"2023-10-30T12:35:35","guid":{"rendered":"https:\/\/pasaenmendoza.com\/?p=2592"},"modified":"2023-10-30T13:35:36","modified_gmt":"2023-10-30T12:35:36","slug":"vuelve-de-a-poco-la-luz-en-el-gran-mendoza-luego-del-zonda","status":"publish","type":"post","link":"https:\/\/pasaenmendoza.com\/?p=2592","title":{"rendered":"Vuelve de a poco la luz en el Gran Mendoza luego del Zonda"},"content":{"rendered":"\n<p>Las fuertes r\u00e1fagas de\u00a0Viento Zonda\u00a0de este s\u00e1bado y domingo que produjeron la ca\u00edda de \u00e1rboles y postes adem\u00e1s de un fuerte incendio en piedemonte de El Challao y Chacras de Coria, afectaron el servicio el\u00e9ctrico en muchos departamentos del Gran Mendoza. Hasta este lunes, se registran problemas en Las Heras y Luj\u00e1n de Cuyo principalmente.<\/p>\n\n\n\n<p>Desde el Gobierno explicaron que fueron dos las razones. Primero, que por pedido de Defensa Civil y de Bomberos, por los incendios en Luj\u00e1n, se &#8220;sac\u00f3 de servicio&#8221; las l\u00edneas que unen el Parque Industrial Petroqu\u00edmico de este departamento con la Ciudad de Mendoza y las estaciones de Guaymall\u00e9n y de Las Heras. Esto provoc\u00f3 un corte en las zonas zona del Corredor del Oeste y Villa Hip\u00f3dromo en Godoy Cruz, la zona del Cerro de la Gloria y Avenida Champagnat.<\/p>\n\n\n\n<p>Este lunes, Edemsa comunic\u00f3 que los bomberos pudieron controlar el incendio y esta l\u00ednea entr\u00f3 en funcionamiento. Adem\u00e1s, se inform\u00f3 que el servicio est\u00e1 recuperado en un\u00a0<strong>70 por ciento.<\/strong><\/p>\n\n\n\n<p>En segundo lugar, la ca\u00edda de poste y \u00e1rboles por las fuertes r\u00e1fagas, generaron que muchos cables del tendido el\u00e9ctrico se cortaran. &#8220;Seguimos con problemas graves en Luj\u00e1n y en Las Heras, algunos en Maip\u00fa, Tupungato y San Rafael que es donde se sintieron las primeras r\u00e1fagas&#8221;, coment\u00f3 a Radio Nihuil Renato Di Fabio, encargado de relaciones p\u00fablicas de Edemsa.<\/p>\n\n\n\n<p>La idea de la empresa es que este lunes se recupere el servicio en su totalidad pero que llevar\u00e1 varios d\u00edas para dejar en condiciones.\u00a0<\/p>\n\n\n\n<p><strong>Fuente: www.mendozapost.com<\/strong><\/p>\n","protected":false},"excerpt":{"rendered":"<p>Las fuertes r\u00e1fagas de\u00a0Viento Zonda\u00a0de este s\u00e1bado y domingo que produjeron la ca\u00edda de \u00e1rboles y postes adem\u00e1s de un fuerte incendio en piedemonte de El Challao y Chacras de Coria, afectaron el servicio el\u00e9ctrico en muchos departamentos del Gran Mendoza. Hasta este lunes, se registran problemas en Las Heras y Luj\u00e1n de Cuyo principalmente. [&hellip;]<\/p>\n","protected":false},"author":2,"featured_media":2593,"comment_status":"open","ping_status":"open","sticky":false,"template":"","format":"standard","meta":[],"categories":[50],"tags":[],"_links":{"self":[{"href":"https:\/\/pasaenmendoza.com\/index.php?rest_route=\/wp\/v2\/posts\/2592"}],"collection":[{"href":"https:\/\/pasaenmendoza.com\/index.php?rest_route=\/wp\/v2\/posts"}],"about":[{"href":"https:\/\/pasaenmendoza.com\/index.php?rest_route=\/wp\/v2\/types\/post"}],"author":[{"embeddable":true,"href":"https:\/\/pasaenmendoza.com\/index.php?rest_route=\/wp\/v2\/users\/2"}],"replies":[{"embeddable":true,"href":"https:\/\/pasaenmendoza.com\/index.php?rest_route=%2Fwp%2Fv2%2Fcomments&post=2592"}],"version-history":[{"count":1,"href":"https:\/\/pasaenmendoza.com\/index.php?rest_route=\/wp\/v2\/posts\/2592\/revisions"}],"predecessor-version":[{"id":2594,"href":"https:\/\/pasaenmendoza.com\/index.php?rest_route=\/wp\/v2\/posts\/2592\/revisions\/2594"}],"wp:featuredmedia":[{"embeddable":true,"href":"https:\/\/pasaenmendoza.com\/index.php?rest_route=\/wp\/v2\/media\/2593"}],"wp:attachment":[{"href":"https:\/\/pasaenmendoza.com\/index.php?rest_route=%2Fwp%2Fv2%2Fmedia&parent=2592"}],"wp:term":[{"taxonomy":"category","embeddable":true,"href":"https:\/\/pasaenmendoza.com\/index.php?rest_route=%2Fwp%2Fv2%2Fcategories&post=2592"},{"taxonomy":"post_tag","embeddable":true,"href":"https:\/\/pasaenmendoza.com\/index.php?rest_route=%2Fwp%2Fv2%2Ftags&post=2592"}],"curies":[{"name":"wp","href":"https:\/\/api.w.org\/{rel}","templated":true}]}}