{"id":2602,"date":"2023-10-30T15:26:49","date_gmt":"2023-10-30T14:26:49","guid":{"rendered":"https:\/\/pasaenmendoza.com\/?p=2602"},"modified":"2023-10-30T15:26:50","modified_gmt":"2023-10-30T14:26:50","slug":"gremios-petroleros-anuncian-un-paro-y-culpan-a-empresas-del-sector-por-la-falta-de-combustibles","status":"publish","type":"post","link":"https:\/\/pasaenmendoza.com\/?p=2602","title":{"rendered":"Gremios petroleros anuncian un paro y culpan a empresas del sector por la falta de combustibles"},"content":{"rendered":"\n<p><strong>El Sindicato de Petr\u00f3leo y Gas Privado de R\u00edo Negro, Neuqu\u00e9n y La Pampa, anunci\u00f3 un paro total de actividades para el mi\u00e9rcoles<\/strong>\u00a0en\u00a0apoyo de las medidas del ministro de Econom\u00eda, Sergio Massa, para normalizar la venta de combustible, mientras acusaron a las empresas del sector de estar &#8220;castigando a los argentinos&#8221; y advirtieron que &#8220;se termin\u00f3 el tiempo de los especuladores&#8221;.<\/p>\n\n\n\n<p>&#8220;Adem\u00e1s de respaldar incondicionalmente el cierre de las exportaciones anunciado por Massa para la medianoche del martes, si las empresas contin\u00faan castigando a los argentinos nuestra organizaci\u00f3n sindical iniciar\u00e1 un paro total de actividades\u00a0<strong>con afectaci\u00f3n de producci\u00f3n a partir del mi\u00e9rcoles<\/strong>&#8220;, anunci\u00f3 el gremio mediante un comunicado.<\/p>\n\n\n\n<p>El gremio expres\u00f3 &#8220;su total apoyo a las medidas dispuestas por el ministro de Econom\u00eda de la Argentina, Sergio Massa para normalizar el sector de venta de combustibles en todo el territorio nacional y el anuncio de aumento del corte de biocombustibles en naftas y gasoil&#8221;. &#8220;Adem\u00e1s de respaldar incondicionalmente el cierre de las exportaciones anunciado por Massa para la medianoche del martes, si las empresas contin\u00faan castigando a los argentinos nuestra organizaci\u00f3n sindical iniciar\u00e1 un paro total de actividades con afectaci\u00f3n de producci\u00f3n a partir del mi\u00e9rcoles&#8221;, indicaron.<\/p>\n\n\n\n<p>Asimismo, se\u00f1alaron que &#8220;debe quedar claro que operadoras, refinadoras y exportadoras est\u00e1n incumpliendo con los alcances de la Ley 17.319 que propugna el autoabastecimiento y permite exportar los saldos con importantes beneficios.<\/p>\n\n\n\n<p>Por otro lado, el gremio juzg\u00f3 que &#8220;es un sinsentido que de manera permanente se hable de r\u00e9cords de producci\u00f3n y al mismo tiempo no haya naftas&#8221;.<\/p>\n\n\n\n<p>&#8220;Los trabajadores conocemos esos de sacrificios y esfuerzo para que el pa\u00eds est\u00e9 de pie. D\u00eda a d\u00eda ponemos el cuerpo para batir esos r\u00e9cords a pesar de todo lo que hemos pasado. Vemos que los beneficios son siempre para los mismos: los que ahora especulan y muestran su peor cara, la de la avaricia&#8221;, a\u00f1adieron.<\/p>\n\n\n\n<p>&#8220;Las cuestiones electorales y la especulaci\u00f3n empresaria no pueden tomar de rehenes a todo un pa\u00eds. En la argentina del futuro no hay espacio para oportunistas y mezquinos Este mi\u00e9rcoles a partir de las 6 paro total de actividades en la cuenca neuquina. Somos 25 mil trabajadores de pie en defensa de todo un pa\u00eds!&#8221;, cerraron.<\/p>\n\n\n\n<p><strong>Fuente: www.diariouno.com.ar<\/strong><\/p>\n","protected":false},"excerpt":{"rendered":"<p>El Sindicato de Petr\u00f3leo y Gas Privado de R\u00edo Negro, Neuqu\u00e9n y La Pampa, anunci\u00f3 un paro total de actividades para el mi\u00e9rcoles\u00a0en\u00a0apoyo de las medidas del ministro de Econom\u00eda, Sergio Massa, para normalizar la venta de combustible, mientras acusaron a las empresas del sector de estar &#8220;castigando a los argentinos&#8221; y advirtieron que &#8220;se [&hellip;]<\/p>\n","protected":false},"author":2,"featured_media":2603,"comment_status":"open","ping_status":"open","sticky":false,"template":"","format":"standard","meta":[],"categories":[50],"tags":[],"_links":{"self":[{"href":"https:\/\/pasaenmendoza.com\/index.php?rest_route=\/wp\/v2\/posts\/2602"}],"collection":[{"href":"https:\/\/pasaenmendoza.com\/index.php?rest_route=\/wp\/v2\/posts"}],"about":[{"href":"https:\/\/pasaenmendoza.com\/index.php?rest_route=\/wp\/v2\/types\/post"}],"author":[{"embeddable":true,"href":"https:\/\/pasaenmendoza.com\/index.php?rest_route=\/wp\/v2\/users\/2"}],"replies":[{"embeddable":true,"href":"https:\/\/pasaenmendoza.com\/index.php?rest_route=%2Fwp%2Fv2%2Fcomments&post=2602"}],"version-history":[{"count":1,"href":"https:\/\/pasaenmendoza.com\/index.php?rest_route=\/wp\/v2\/posts\/2602\/revisions"}],"predecessor-version":[{"id":2604,"href":"https:\/\/pasaenmendoza.com\/index.php?rest_route=\/wp\/v2\/posts\/2602\/revisions\/2604"}],"wp:featuredmedia":[{"embeddable":true,"href":"https:\/\/pasaenmendoza.com\/index.php?rest_route=\/wp\/v2\/media\/2603"}],"wp:attachment":[{"href":"https:\/\/pasaenmendoza.com\/index.php?rest_route=%2Fwp%2Fv2%2Fmedia&parent=2602"}],"wp:term":[{"taxonomy":"category","embeddable":true,"href":"https:\/\/pasaenmendoza.com\/index.php?rest_route=%2Fwp%2Fv2%2Fcategories&post=2602"},{"taxonomy":"post_tag","embeddable":true,"href":"https:\/\/pasaenmendoza.com\/index.php?rest_route=%2Fwp%2Fv2%2Ftags&post=2602"}],"curies":[{"name":"wp","href":"https:\/\/api.w.org\/{rel}","templated":true}]}}