{"id":2613,"date":"2023-10-31T12:34:53","date_gmt":"2023-10-31T11:34:53","guid":{"rendered":"https:\/\/pasaenmendoza.com\/?p=2613"},"modified":"2023-10-31T12:34:55","modified_gmt":"2023-10-31T11:34:55","slug":"janina-contraataca-habia-pensado-en-desafiliarme-el-cornejismo-no-me-representa","status":"publish","type":"post","link":"https:\/\/pasaenmendoza.com\/?p=2613","title":{"rendered":"Janina contraataca: &#8220;Hab\u00eda pensado en desafiliarme, el cornejismo no me representa&#8221;"},"content":{"rendered":"\n<p>El Comit\u00e9 de \u00e9tica de la UCR decidi\u00f3 expulsar a Daniel Orozco y su mujer, Janina Ortiz, quien le rest\u00f3 importancia: &#8220;Es una decisi\u00f3n que yo ten\u00eda tomada&#8221;.<\/p>\n\n\n\n<p>En las \u00faltimas horas, el Comit\u00e9 de \u00e9tica de la\u00a0<strong>UCR<\/strong>\u00a0decidi\u00f3 expulsar a Daniel Orozco, actual intendente de\u00a0<strong>Las Heras<\/strong>, y su esposa, la secretaria de Gobierno,\u00a0<strong>Janina Ortiz<\/strong>.<\/p>\n\n\n\n<p>La relaci\u00f3n entre la\u00a0<strong>UCR\u00a0<\/strong>y el matrimonio Orozco-<strong>Ortiz\u00a0<\/strong>se rompi\u00f3 por completo cuando el intendente abandon\u00f3 Cambia Mendoza para ser candidato a vicegobernador por La Uni\u00f3n Mendocina.<\/p>\n\n\n\n<p>Janina Ortiz indic\u00f3: \u201cComo casi todo siempre me entero por los diarios y despu\u00e9s llegan las notificaciones\u201d.<\/p>\n\n\n\n<p>\u201cYo hab\u00eda pensado en desafiliarme, porque el radicalismo en Mendoza, el cornejismo no me representa, es una decisi\u00f3n que yo ten\u00eda tomada\u201d, sentenci\u00f3.<\/p>\n\n\n\n<p>Adem\u00e1s, asegur\u00f3 que Orozco \u201cpas\u00f3 a ser el mejor intendente de la democracia a ser el peor intendente de todos\u201d.<\/p>\n\n\n\n<p>FUENTE: mdzonline.<\/p>\n","protected":false},"excerpt":{"rendered":"<p>El Comit\u00e9 de \u00e9tica de la UCR decidi\u00f3 expulsar a Daniel Orozco y su mujer, Janina Ortiz, quien le rest\u00f3 importancia: &#8220;Es una decisi\u00f3n que yo ten\u00eda tomada&#8221;. En las \u00faltimas horas, el Comit\u00e9 de \u00e9tica de la\u00a0UCR\u00a0decidi\u00f3 expulsar a Daniel Orozco, actual intendente de\u00a0Las Heras, y su esposa, la secretaria de Gobierno,\u00a0Janina Ortiz. La [&hellip;]<\/p>\n","protected":false},"author":2,"featured_media":2600,"comment_status":"open","ping_status":"open","sticky":true,"template":"","format":"standard","meta":[],"categories":[47],"tags":[],"_links":{"self":[{"href":"https:\/\/pasaenmendoza.com\/index.php?rest_route=\/wp\/v2\/posts\/2613"}],"collection":[{"href":"https:\/\/pasaenmendoza.com\/index.php?rest_route=\/wp\/v2\/posts"}],"about":[{"href":"https:\/\/pasaenmendoza.com\/index.php?rest_route=\/wp\/v2\/types\/post"}],"author":[{"embeddable":true,"href":"https:\/\/pasaenmendoza.com\/index.php?rest_route=\/wp\/v2\/users\/2"}],"replies":[{"embeddable":true,"href":"https:\/\/pasaenmendoza.com\/index.php?rest_route=%2Fwp%2Fv2%2Fcomments&post=2613"}],"version-history":[{"count":1,"href":"https:\/\/pasaenmendoza.com\/index.php?rest_route=\/wp\/v2\/posts\/2613\/revisions"}],"predecessor-version":[{"id":2615,"href":"https:\/\/pasaenmendoza.com\/index.php?rest_route=\/wp\/v2\/posts\/2613\/revisions\/2615"}],"wp:featuredmedia":[{"embeddable":true,"href":"https:\/\/pasaenmendoza.com\/index.php?rest_route=\/wp\/v2\/media\/2600"}],"wp:attachment":[{"href":"https:\/\/pasaenmendoza.com\/index.php?rest_route=%2Fwp%2Fv2%2Fmedia&parent=2613"}],"wp:term":[{"taxonomy":"category","embeddable":true,"href":"https:\/\/pasaenmendoza.com\/index.php?rest_route=%2Fwp%2Fv2%2Fcategories&post=2613"},{"taxonomy":"post_tag","embeddable":true,"href":"https:\/\/pasaenmendoza.com\/index.php?rest_route=%2Fwp%2Fv2%2Ftags&post=2613"}],"curies":[{"name":"wp","href":"https:\/\/api.w.org\/{rel}","templated":true}]}}