{"id":2616,"date":"2023-10-31T12:37:50","date_gmt":"2023-10-31T11:37:50","guid":{"rendered":"https:\/\/pasaenmendoza.com\/?p=2616"},"modified":"2023-10-31T12:37:51","modified_gmt":"2023-10-31T11:37:51","slug":"otra-rareza-de-mendoza-los-numeros-explican-comportamientos-electorales","status":"publish","type":"post","link":"https:\/\/pasaenmendoza.com\/?p=2616","title":{"rendered":"Otra \u201crareza\u201d de Mendoza: los n\u00fameros explican comportamientos electorales"},"content":{"rendered":"\n<p>Al menos, en Mendoza, parece existir una relaci\u00f3n directa entre la gesti\u00f3n de los recursos p\u00fablicos y sus consecuencias, con los resultados electorales obtenidos por parte de quienes han tenido en sus manos la responsabilidad de llevar adelante la administraci\u00f3n de los mismos. Entre el 2004 y el 2015, la Provincia pas\u00f3 de tener uno de los super\u00e1vit m\u00e1s altos a lo largo de su historia, con equilibrio presupuestario y crecimiento econ\u00f3mico, a uno de sus peores registros estad\u00edsticos, cuando se lleg\u00f3 a duplicar la presi\u00f3n impositiva y el gasto del Estado se fue hasta las nubes. Julios Cobos era el gobernador al comienzo de la serie (en el 2004 ya llevaba un a\u00f1o de gesti\u00f3n) y su gobierno caer\u00eda derrotado en el 2007 por un peronista cl\u00e1sico: Celso Jaque.<\/p>\n\n\n\n<p>El malarg\u00fcino se ver\u00eda beneficiado por la divisi\u00f3n del radicalismo, ya que una parte se hab\u00eda ido con N\u00e9stor Kirchner en aquella transversalidad pol\u00edtica de ef\u00edmera subsistencia. Ni Cobos, encaramado a la Vicepresidencia como consorte de Cristina Fern\u00e1ndez de Kirchner, impidi\u00f3 la derrota del radicalismo K.<\/p>\n\n\n\n<p>Por su lado, Jaque comenzar\u00eda un per\u00edodo de administraci\u00f3n turbulento, m\u00e1s lleno de negros y grises que de blancos. Sin embargo, al finalizar su per\u00edodo, en el 2011, pudo entregarle la banda a otro peronista, Francisco Paco P\u00e9rez. Y fue este, precisamente, el que no s\u00f3lo no logr\u00f3 disimular los desajustes de gesti\u00f3n que le hab\u00edan ca\u00eddo como herencia desgraciada, sino que los agrav\u00f3 a tal punto de conducir a la Provincia, desde lo financiero y econ\u00f3mico, a una situaci\u00f3n de colapso casi total.<\/p>\n\n\n\n<p>El desbarajuste fue de tal magnitud que tuvo un impacto electoral contundente: en el 2015, los radicales y sus socios se alzar\u00edan con la victoria, inaugurando un per\u00edodo de cierta estabilizaci\u00f3n que les permiti\u00f3 repetir en el 2019 y que han vuelto a ratificar en las elecciones de este a\u00f1o con un Alfredo Cornejo que volver\u00e1 a la Gobernaci\u00f3n el 10 de diciembre.<\/p>\n\n\n\n<p>\u00bfPor qu\u00e9 hay una relaci\u00f3n directa entre el manejo de recursos, sus consecuencias y los resultados electorales? Es lo que viene a ratificar un informe de la deuda p\u00fablica elaborado por el Consejo Econ\u00f3mico de Mendoza, el CEM. Se trata de un informe t\u00e9cnico y sin consideraciones ni evaluaciones pol\u00edticas, pero que acompa\u00f1an, quiz\u00e1s como una de las explicaciones posibles, la debacle peronista desde el 2015 a la fecha.<\/p>\n\n\n\n<p>As\u00ed como en el escenario nacional, todo indica que la situaci\u00f3n econ\u00f3mica \u2013la del d\u00e9ficit fiscal, de ausencia de crecimiento, de aumento de precios desmedido y constante durante muchos a\u00f1os, de crecimiento de la pobreza y de ausencia de oportunidades\u2013 parecen no hacer mella electoral en quien viene gobernando por 16 a\u00f1os de un total de 20, en Mendoza son cuestiones de un valor superior que s\u00ed est\u00e1 presente. Entre otras tantas razones, claro est\u00e1.<\/p>\n\n\n\n<p>El CEM viene a darle algo de claridad t\u00e9cnica a una discusi\u00f3n pol\u00edtica que, de tanto en tanto, enfrenta al oficialismo y a la oposici\u00f3n. Se trata de la deuda p\u00fablica, del peso del Estado sobre la actividad privada y de la presi\u00f3n impositiva medidos entre el 2014 y la actualidad. Diez a\u00f1os de an\u00e1lisis. Para empezar, el informe da cuenta de que la deuda entre el 2014 y este a\u00f1o ha disminuido 28 por ciento. Hoy, ese pasivo, medido en d\u00f3lares, tomando los cr\u00e9ditos obtenidos como la deuda con los proveedores, es de 951 millones, mientras que en el 2014 era de 1.323 millones. Medida en pesos, esa deuda tambi\u00e9n disminuy\u00f3: pas\u00f3 de 348.000 millones en el 2014, a 243.000 millones este a\u00f1o: 30 por ciento menos. Otro dato que refleja este documento, que el CEM dio a conocer durante el fin de semana, es que ha cambiado la composici\u00f3n de esa deuda p\u00fablica: en el 2015, 41 por ciento de la deuda era en d\u00f3lares y 59, en pesos; en cambio, hoy es de 79 por ciento en d\u00f3lares y el 21 restante, en pesos.<\/p>\n\n\n\n<p>El endeudamiento se explica en lo que bien se ha supuesto hasta ahora: en el desfase que se produjo en la administraci\u00f3n de los recursos y en el desequilibrio entre presupuesto, ingresos y gastos. Del 2004 al 2015 el gasto fue subiendo de manera exponencial, con el d\u00e9ficit y la presi\u00f3n impositiva. En el 2005 se registr\u00f3 el mayor super\u00e1vit, quiz\u00e1s, de la historia: 18 por ciento, pero en el 2015 se produjo el peor d\u00e9ficit en veinte a\u00f1os, de 7 por ciento. Eso constituy\u00f3 una ca\u00edda de 25 por ciento, aclara el informe de los empresarios. Tambi\u00e9n, entre esos a\u00f1os subi\u00f3 la presi\u00f3n impositiva, que en el 2004 era de 3,2 por ciento. Los aumentos de impuestos se fueron dando hasta el 2017, cuando comenz\u00f3 un per\u00edodo de descenso que, de igual manera, no ha llegado a los niveles del 2004. Tanto es as\u00ed que en el 2022 la presi\u00f3n impositiva fue de 6,6 por ciento, m\u00e1s del doble de la que era en el 2004.<\/p>\n\n\n\n<p>La oposici\u00f3n peronista no ha dudado en aclarar \u2013cada vez que tiene la oportunidad\u2013 lo sucedido durante los a\u00f1os de degradaci\u00f3n econ\u00f3mica, fiscal y financiera de la Provincia cuando gobern\u00f3 el peronismo, entre Jaque y P\u00e9rez. Sus dichos han sido un contraataque acusatorio con destino a los radicales y a Cornejo, particularmente, a quien responsabilizan por la situaci\u00f3n y porque le impidi\u00f3 a P\u00e9rez contar con un presupuesto acorde en el 2014, que se aprob\u00f3 tarde, y el del 2015, cuando no hubo.<\/p>\n\n\n\n<p>En medio de todo este panorama, tambi\u00e9n hay que precisar el declive de la econom\u00eda de la provincia, tanto con los peronistas administrando como con los radicales. A favor de los \u00faltimos, sin embargo, hay que se\u00f1alar el inicio de un proceso de normalizaci\u00f3n y cierto orden fiscal que ha continuado hasta ahora. Pero la decadencia y el estancamiento es tal que, aun as\u00ed, el peso del Estado sobre el PBG provincial todav\u00eda es m\u00e1s alto que en el 2014, cuando ese peso era del 7 por ciento. El peso del Estado sobre el PBG es todo lo que el Estado le saca a la econom\u00eda y a la riqueza que produce la actividad privada. En el 2016 esa carga era de 11,7 por ciento; en el 2020, 13,2 por ciento y, en el 2022, de 7,9 por ciento, casi un punto por arriba que hace diez a\u00f1os. Una econom\u00eda estancada que no se recupera. Un fracaso rotundo, insoportable e insostenible ya.<\/p>\n\n\n\n<p>FUENTE: elsol.com.ar<\/p>\n","protected":false},"excerpt":{"rendered":"<p>Al menos, en Mendoza, parece existir una relaci\u00f3n directa entre la gesti\u00f3n de los recursos p\u00fablicos y sus consecuencias, con los resultados electorales obtenidos por parte de quienes han tenido en sus manos la responsabilidad de llevar adelante la administraci\u00f3n de los mismos. Entre el 2004 y el 2015, la Provincia pas\u00f3 de tener uno [&hellip;]<\/p>\n","protected":false},"author":2,"featured_media":2617,"comment_status":"open","ping_status":"open","sticky":true,"template":"","format":"standard","meta":[],"categories":[47],"tags":[],"_links":{"self":[{"href":"https:\/\/pasaenmendoza.com\/index.php?rest_route=\/wp\/v2\/posts\/2616"}],"collection":[{"href":"https:\/\/pasaenmendoza.com\/index.php?rest_route=\/wp\/v2\/posts"}],"about":[{"href":"https:\/\/pasaenmendoza.com\/index.php?rest_route=\/wp\/v2\/types\/post"}],"author":[{"embeddable":true,"href":"https:\/\/pasaenmendoza.com\/index.php?rest_route=\/wp\/v2\/users\/2"}],"replies":[{"embeddable":true,"href":"https:\/\/pasaenmendoza.com\/index.php?rest_route=%2Fwp%2Fv2%2Fcomments&post=2616"}],"version-history":[{"count":1,"href":"https:\/\/pasaenmendoza.com\/index.php?rest_route=\/wp\/v2\/posts\/2616\/revisions"}],"predecessor-version":[{"id":2618,"href":"https:\/\/pasaenmendoza.com\/index.php?rest_route=\/wp\/v2\/posts\/2616\/revisions\/2618"}],"wp:featuredmedia":[{"embeddable":true,"href":"https:\/\/pasaenmendoza.com\/index.php?rest_route=\/wp\/v2\/media\/2617"}],"wp:attachment":[{"href":"https:\/\/pasaenmendoza.com\/index.php?rest_route=%2Fwp%2Fv2%2Fmedia&parent=2616"}],"wp:term":[{"taxonomy":"category","embeddable":true,"href":"https:\/\/pasaenmendoza.com\/index.php?rest_route=%2Fwp%2Fv2%2Fcategories&post=2616"},{"taxonomy":"post_tag","embeddable":true,"href":"https:\/\/pasaenmendoza.com\/index.php?rest_route=%2Fwp%2Fv2%2Ftags&post=2616"}],"curies":[{"name":"wp","href":"https:\/\/api.w.org\/{rel}","templated":true}]}}