{"id":2619,"date":"2023-10-31T12:43:02","date_gmt":"2023-10-31T11:43:02","guid":{"rendered":"https:\/\/pasaenmendoza.com\/?p=2619"},"modified":"2023-10-31T12:43:04","modified_gmt":"2023-10-31T11:43:04","slug":"la-enmienda-constitucional-que-impulsa-el-sector-de-de-marchi","status":"publish","type":"post","link":"https:\/\/pasaenmendoza.com\/?p=2619","title":{"rendered":"La enmienda constitucional que impulsa el sector de De Marchi"},"content":{"rendered":"\n<p>Luego de la derrota del pasado 24 de septiembre, desde\u00a0<strong>La Uni\u00f3n Mendocin<\/strong>a impulsan un<strong>\u00a0cambio en la Constituci\u00f3n de Mendoza<\/strong>\u00a0para que en las pr\u00f3ximas<strong>\u00a0elecciones a gobernador\u00a0<\/strong>haya, eventualmente, segunda vuelta electoral o\u00a0<strong>balotaje<\/strong>.<\/p>\n\n\n\n<p>Pero el esquema que impulsan los legisladores de\u00a0<strong>Omar De Marchi\u00a0<\/strong>no es el que se aplica en las presidenciales, sino el que est\u00e1 vigente en\u00a0<strong>CABA<\/strong>: quieren que directamente\u00a0<strong>si ning\u00fan candidato supera el 50% de los votos, s\u00ed o s\u00ed haya balotaje<\/strong>.<\/p>\n\n\n\n<p>El autor del proyecto es el diputado\u00a0<strong>Gustavo Cairo<\/strong>, que logr\u00f3 la reelecci\u00f3n en su banca en las \u00faltimas elecciones. Para ello, present\u00f3 un proyecto de enmienda constitucional para modificar el art\u00edculo 120 de la Carta Magna.<\/p>\n\n\n\n<p>&#8220;Decl\u00e1rase la necesidad de enmienda del art\u00edculo 120 de la Constituci\u00f3n Provincial, introduciendo el sistema de doble vuelta o balotaje a la elecci\u00f3n de gobernador y vicegobernador, conforme al procedimiento establecido en el art\u00edculo 223 de la Constituci\u00f3n Provincial&#8221;, dice el proyecto de reforma.<\/p>\n\n\n\n<p>Y especifica c\u00f3mo deber\u00eda quedar redactado el art\u00edculo 120 de la Constituci\u00f3n de Mendoza:<\/p>\n\n\n\n<p><em>&#8220;Art. 120 &#8211; El gobernador y vicegobernador ser\u00e1n elegidos simult\u00e1nea y directamente por el pueblo de la Provincia, en doble vuelta electoral, cuyo territorio a ese efecto formar\u00e1 un distrito \u00fanico, mediante una f\u00f3rmula que presentar\u00e1n los partidos pol\u00edticos habilitados, de acuerdo con las disposiciones de la Ley Electoral Provincial. Se proclamar\u00e1 electa en primera vuelta electoral la f\u00f3rmula de candidatos que obtuviere m\u00e1s del cincuenta por ciento de los votos afirmativos, v\u00e1lidamente emitidos. La segunda vuelta electoral, si correspondiere, se realizar\u00e1 entre las dos f\u00f3rmulas de candidatos m\u00e1s votadas, dentro de los treinta d\u00edas de celebrada la anterior&#8221;.<\/em>\u00a0\u00a0<\/p>\n\n\n\n<p>De todas maneras, el legislador, que en las elecciones provinciales fue en la lista de De Marchi y en las nacionales apoy\u00f3 a Patricia Bullrich, dijo que<strong>\u00a0en comisiones podr\u00eda discutirse alguna modificaci\u00f3n<\/strong>\u00a0y exigir, en lugar de un piso del 50%, uno del 45% con diferencia de 10 al segunda. &#8220;Podr\u00eda ser una mezcla del esquema de CABA y el nacional&#8221;, aclar\u00f3 al Post.<\/p>\n\n\n\n<p>Para que esto entre en vigencia, en primer lugar el proyecto del sector de De Marchi\u00a0<strong>deber\u00eda aprobarse en Diputados y el Senado por dos tercios de los votos<\/strong>. Posteriormente, en la\u00a0<strong>pr\u00f3xima elecci\u00f3n legislativa<\/strong>\u00a0de Mendoza, la poblaci\u00f3n deber\u00eda votar a favor o en contra de la enmienda. Si se aprueba por la\u00a0<strong>mitad m\u00e1s uno de los votos,<\/strong>\u00a0reci\u00e9n all\u00ed quedar\u00e1 en condici\u00f3n de ser\u00a0<strong>promulgado<\/strong>\u00a0por el gobernador.<\/p>\n\n\n\n<p>FUENTE: mendozapost.<\/p>\n","protected":false},"excerpt":{"rendered":"<p>Luego de la derrota del pasado 24 de septiembre, desde\u00a0La Uni\u00f3n Mendocina impulsan un\u00a0cambio en la Constituci\u00f3n de Mendoza\u00a0para que en las pr\u00f3ximas\u00a0elecciones a gobernador\u00a0haya, eventualmente, segunda vuelta electoral o\u00a0balotaje. Pero el esquema que impulsan los legisladores de\u00a0Omar De Marchi\u00a0no es el que se aplica en las presidenciales, sino el que est\u00e1 vigente en\u00a0CABA: quieren [&hellip;]<\/p>\n","protected":false},"author":2,"featured_media":2620,"comment_status":"open","ping_status":"open","sticky":true,"template":"","format":"standard","meta":[],"categories":[47],"tags":[],"_links":{"self":[{"href":"https:\/\/pasaenmendoza.com\/index.php?rest_route=\/wp\/v2\/posts\/2619"}],"collection":[{"href":"https:\/\/pasaenmendoza.com\/index.php?rest_route=\/wp\/v2\/posts"}],"about":[{"href":"https:\/\/pasaenmendoza.com\/index.php?rest_route=\/wp\/v2\/types\/post"}],"author":[{"embeddable":true,"href":"https:\/\/pasaenmendoza.com\/index.php?rest_route=\/wp\/v2\/users\/2"}],"replies":[{"embeddable":true,"href":"https:\/\/pasaenmendoza.com\/index.php?rest_route=%2Fwp%2Fv2%2Fcomments&post=2619"}],"version-history":[{"count":1,"href":"https:\/\/pasaenmendoza.com\/index.php?rest_route=\/wp\/v2\/posts\/2619\/revisions"}],"predecessor-version":[{"id":2621,"href":"https:\/\/pasaenmendoza.com\/index.php?rest_route=\/wp\/v2\/posts\/2619\/revisions\/2621"}],"wp:featuredmedia":[{"embeddable":true,"href":"https:\/\/pasaenmendoza.com\/index.php?rest_route=\/wp\/v2\/media\/2620"}],"wp:attachment":[{"href":"https:\/\/pasaenmendoza.com\/index.php?rest_route=%2Fwp%2Fv2%2Fmedia&parent=2619"}],"wp:term":[{"taxonomy":"category","embeddable":true,"href":"https:\/\/pasaenmendoza.com\/index.php?rest_route=%2Fwp%2Fv2%2Fcategories&post=2619"},{"taxonomy":"post_tag","embeddable":true,"href":"https:\/\/pasaenmendoza.com\/index.php?rest_route=%2Fwp%2Fv2%2Ftags&post=2619"}],"curies":[{"name":"wp","href":"https:\/\/api.w.org\/{rel}","templated":true}]}}