{"id":2622,"date":"2023-10-31T12:47:28","date_gmt":"2023-10-31T11:47:28","guid":{"rendered":"https:\/\/pasaenmendoza.com\/?p=2622"},"modified":"2023-10-31T12:47:30","modified_gmt":"2023-10-31T11:47:30","slug":"suarez-oficializo-el-estado-de-emergencia-ambiental-y-habitacional-por-el-zonda","status":"publish","type":"post","link":"https:\/\/pasaenmendoza.com\/?p=2622","title":{"rendered":"Suarez oficializ\u00f3 el Estado de Emergencia Ambiental y habitacional por el Zonda"},"content":{"rendered":"\n<p>Este martes se public\u00f3 en el Bolet\u00edn Oficial el texto que contiene las autorizaciones para que tres ramas del Gobierno puedan tomar medidas extraordinarias.<\/p>\n\n\n\n<p>A trav\u00e9s del decreto\u00a02243 publicado este martes en el Bolet\u00edn Oficial, el gobernador Rodolfo Suarez hizo oficial la declaraci\u00f3n de\u00a0Estado de Emergencia Ambiental y habitacional por los efectos del viento Zonda que golpe\u00f3 a Mendoza durante el fin de semana.<\/p>\n\n\n\n<p>De esta forma, y seg\u00fan consta en los primeros art\u00edculos del decreto, se autoriza a tres ramas del Estado provincial a tomar medidas extraordinarias para poder resolver todos los inconvenientes que provoc\u00f3 el fen\u00f3meno.<\/p>\n\n\n\n<p>&#8220;<strong>Autor\u00edcese al Ministerio de Hacienda y Finanzas a realizar las modificaciones presupuestarias que resulten necesarias para dar atenci\u00f3n prioritaria a las situaciones derivadas de la emergencia&#8221;<\/strong>, dice el art\u00edculo 2\u00b0, referido a la cuesti\u00f3n de los recursos.<\/p>\n\n\n\n<p>Por otra parte de autorizac a la &#8220;Direcci\u00f3n General de Escuelas y a la Subsecretar\u00eda de Infraestructura Elemental a realizar las contrataciones que resulten necesarias para la urgente puesta en condiciones de los edificios escolares afectados&#8221;.<\/p>\n\n\n\n<p>A ellos se suma que la misi\u00f3n de la &#8220;Secretar\u00eda de Ambiente y Ordenamiento Territorial a realizar el relevamiento de los da\u00f1os ambientales causados en los distintos sectores de la Provincia y a realizar las contrataciones que resulten necesarias para su remediaci\u00f3n&#8221;.<\/p>\n\n\n\n<p><strong>En los considerandos del decreto, el gobernador se\u00f1ala que el viento Zonda del fin de semana &#8220;present\u00f3 caracter\u00edsticas extraordinarias&#8221;.&nbsp;<\/strong>Adem\u00e1s, destac\u00f3 que &#8220;los incendios desatados en diversos sectores de la Provincia, potenciados y multiplicados por la presencia de fuertes r\u00e1fagas de viento, dejaron graves consecuencias tanto en viviendas como afectaci\u00f3n de la flora y fauna aut\u00f3ctonas&#8221;<\/p>\n\n\n\n<p>En cuanto a los da\u00f1os materiales, dijo que&nbsp;resultan ser muy graves para las personas afectadas, &#8220;toda vez que en algunos casos implica la p\u00e9rdida total de sus viviendas y\/o de los espacios destinados al turismo y que constituyen el sost\u00e9n indispensable para la manutenci\u00f3n y supervivencia de las familias&#8221;.<\/p>\n\n\n\n<p>Tambi\u00e9n destaca el &#8220;da\u00f1o ambiental en los distintos sectores resulta de gran importancia y gravedad, por el deterioro y degradaci\u00f3n de los terrenos, la p\u00e9rdida de fauna aut\u00f3ctona y la ca\u00edda y\/o da\u00f1o de numerosos forestales&#8221;.<\/p>\n\n\n\n<h3 class=\"wp-block-heading\">Revis\u00e1 el texto completo:<\/h3>\n\n\n\n<p><strong>Tema:<\/strong>&nbsp;(*) &#8211; DECLARAR EL ESTADO DE EMERGENCIA AMBIENTAL Y HABITACIONAL, A RA\u00cdZ DEL FEN\u00d3MENO DE VIENTO ZONDA<\/p>\n\n\n\n<p><strong>Origen:<\/strong>&nbsp;MINISTERIO GOBIERNO, TRABAJO Y JUSTICIA<\/p>\n\n\n\n<p><strong>Decreto Nro:<\/strong>&nbsp;2243<\/p>\n\n\n\n<p><strong>Fecha:<\/strong>&nbsp;30-10-2023<\/p>\n\n\n\n<p>MENDOZA, 30 DE OCTUBRE DE 2023<\/p>\n\n\n\n<p>Visto los sucesos acaecidos los d\u00edas 28 y 29 de octubre de 2023; y<\/p>\n\n\n\n<p>CONSIDERANDO:<\/p>\n\n\n\n<p>Que el viento zonda que afect\u00f3 a la Provincia de Mendoza durante los d\u00edas s\u00e1bado 28 y domingo 29 de octubre del corriente a\u00f1o, present\u00f3 caracter\u00edsticas extraordinarias;<\/p>\n\n\n\n<p>Que los incendios desatados en diversos sectores de la Provincia, potenciados y multiplicados por la presencia de fuertes r\u00e1fagas de viento, dejaron graves consecuencias tanto en viviendas como afectaci\u00f3n de la flora y fauna aut\u00f3ctonas;<\/p>\n\n\n\n<p>Que los da\u00f1os materiales resultan muy graves para las personas afectadas, toda vez que en algunos casos implica la p\u00e9rdida total de sus viviendas y\/o de los espacios destinados al turismo y que constituyen el sost\u00e9n indispensable para la manutenci\u00f3n y supervivencia de las familias;<\/p>\n\n\n\n<p>Que, asimismo, el da\u00f1o ambiental en los distintos sectores resulta de gran importancia y gravedad, por el deterioro y degradaci\u00f3n de los terrenos, la p\u00e9rdida de fauna aut\u00f3ctona y la ca\u00edda y\/o da\u00f1o de numerosos forestales;<\/p>\n\n\n\n<p>Que, por otra parte, de los informes producidos por la Direcci\u00f3n General de Escuelas y la Subsecretar\u00eda de Infraestructura Elemental, se han relevado tambi\u00e9n numerosos da\u00f1os en edificios escolares, los cuales revisten distintas magnitudes;<\/p>\n\n\n\n<p>Que resulta prioritario para el gobierno provincial dar respuesta a la situaci\u00f3n de emergencia producida por el inusual fen\u00f3meno meteorol\u00f3gico y las consecuencias desatadas a partir del mismo, adecuando los instrumentos administrativos a fin de facilitar los mecanismos de respuesta;<\/p>\n\n\n\n<p>Que el Art\u00edculo 128 de la Constituci\u00f3n Provincial dispone que el Gobernador &#8220;Toma las medidas necesarias para conservar la paz y el orden p\u00fablico, por todos los medios que no est\u00e9n expresamente prohibidos por la Constituci\u00f3n y leyes vigentes.&#8221; (inciso 16) y &#8220;Tiene bajo su vigilancia la seguridad del territorio y de sus habitantes y la de las reparticiones y establecimientos p\u00fablicos de la Provincia&#8221;. (inciso 19);<\/p>\n\n\n\n<p>Que asimismo, resulta conveniente remitir el presente instrumento a la H. Legislatura Provincial.<\/p>\n\n\n\n<p>Por ello,<\/p>\n\n\n\n<p><strong>EL<\/strong> <strong>GOBERNADOR DE LA PROVINCIA<\/strong> <strong>DECRETA:<\/strong><\/p>\n\n\n\n<p>Art\u00edculo 1\u00ba &#8211; Decl\u00e1rese el Estado de Emergencia Ambiental y habitacional, a ra\u00edz del fen\u00f3meno de viento zonda producido los d\u00edas 28 y 29 de octubre del corriente a\u00f1o, y de los incendios producidos en consecuencia del mismo.<\/p>\n\n\n\n<p>Art\u00edculo 2\u00ba- Autor\u00edcese al Ministerio de Hacienda y Finanzas a realizar las modificaciones presupuestarias que resulten necesarias para dar atenci\u00f3n prioritaria a las situaciones derivadas de la emergencia.<\/p>\n\n\n\n<p>Art\u00edculo 3\u00ba &#8211; Autor\u00edcese a la Direcci\u00f3n General de Escuelas y a la Subsecretar\u00eda de Infraestructura Elemental a realizar las contrataciones que resulten necesarias para la urgente puesta en condiciones de los edificios escolares afectados.<\/p>\n\n\n\n<p>Art\u00edculo 4\u00ba- Autor\u00edcese a la Secretar\u00eda de Ambiente y Ordenamiento Territorial a realizar el relevamiento de los da\u00f1os ambientales causados en los distintos sectores de la Provincia y a realizar las contrataciones que resulten necesarias para su remediaci\u00f3n.<\/p>\n\n\n\n<p>Art\u00edculo 5\u00ba -El presente decreto ser\u00e1 refrendado por el se\u00f1or Ministro de Gobierno, Trabajo y Justicia, la se\u00f1ora Ministra de Salud, Desarrollo Social y Deportes, el se\u00f1or Ministro de Hacienda y Finanzas, y el se\u00f1or Ministro de Planificaci\u00f3n e Infraestructura P\u00fablica.<\/p>\n\n\n\n<p>Art\u00edculo 6\u00ba &#8211; El presente Decreto tendr\u00e1 vigencia desde la fecha de su publicaci\u00f3n.<\/p>\n\n\n\n<p>Art\u00edculo 7\u00ba- Rem\u00edtase el presente a la H. Legislatura de la Provincia.<\/p>\n\n\n\n<p>Art\u00edculo 8\u00ba &#8211; Comun\u00edquese, publ\u00edquese, dese al Registro Oficial y arch\u00edvese.<\/p>\n\n\n\n<p><strong>DR. RODOLFO ALEJANDRO SUAREZ<\/strong><\/p>\n\n\n\n<p>DR. ABG. VICTOR E. IBA\u00d1EZ ROSAZ<br>FARM. ANA MAR\u00cdA NADAL<br>LIC. VICTOR FAYAD<br>ARQ. MARIO SEBASTI\u00c1N ISGR\u00d3<\/p>\n\n\n\n<p>FUENTE: memo.com.ar <\/p>\n","protected":false},"excerpt":{"rendered":"<p>Este martes se public\u00f3 en el Bolet\u00edn Oficial el texto que contiene las autorizaciones para que tres ramas del Gobierno puedan tomar medidas extraordinarias. A trav\u00e9s del decreto\u00a02243 publicado este martes en el Bolet\u00edn Oficial, el gobernador Rodolfo Suarez hizo oficial la declaraci\u00f3n de\u00a0Estado de Emergencia Ambiental y habitacional por los efectos del viento Zonda [&hellip;]<\/p>\n","protected":false},"author":2,"featured_media":2623,"comment_status":"open","ping_status":"open","sticky":true,"template":"","format":"standard","meta":[],"categories":[47],"tags":[],"_links":{"self":[{"href":"https:\/\/pasaenmendoza.com\/index.php?rest_route=\/wp\/v2\/posts\/2622"}],"collection":[{"href":"https:\/\/pasaenmendoza.com\/index.php?rest_route=\/wp\/v2\/posts"}],"about":[{"href":"https:\/\/pasaenmendoza.com\/index.php?rest_route=\/wp\/v2\/types\/post"}],"author":[{"embeddable":true,"href":"https:\/\/pasaenmendoza.com\/index.php?rest_route=\/wp\/v2\/users\/2"}],"replies":[{"embeddable":true,"href":"https:\/\/pasaenmendoza.com\/index.php?rest_route=%2Fwp%2Fv2%2Fcomments&post=2622"}],"version-history":[{"count":1,"href":"https:\/\/pasaenmendoza.com\/index.php?rest_route=\/wp\/v2\/posts\/2622\/revisions"}],"predecessor-version":[{"id":2624,"href":"https:\/\/pasaenmendoza.com\/index.php?rest_route=\/wp\/v2\/posts\/2622\/revisions\/2624"}],"wp:featuredmedia":[{"embeddable":true,"href":"https:\/\/pasaenmendoza.com\/index.php?rest_route=\/wp\/v2\/media\/2623"}],"wp:attachment":[{"href":"https:\/\/pasaenmendoza.com\/index.php?rest_route=%2Fwp%2Fv2%2Fmedia&parent=2622"}],"wp:term":[{"taxonomy":"category","embeddable":true,"href":"https:\/\/pasaenmendoza.com\/index.php?rest_route=%2Fwp%2Fv2%2Fcategories&post=2622"},{"taxonomy":"post_tag","embeddable":true,"href":"https:\/\/pasaenmendoza.com\/index.php?rest_route=%2Fwp%2Fv2%2Ftags&post=2622"}],"curies":[{"name":"wp","href":"https:\/\/api.w.org\/{rel}","templated":true}]}}