{"id":2625,"date":"2023-10-31T13:18:42","date_gmt":"2023-10-31T12:18:42","guid":{"rendered":"https:\/\/pasaenmendoza.com\/?p=2625"},"modified":"2023-10-31T13:18:44","modified_gmt":"2023-10-31T12:18:44","slug":"pronostico-en-mendoza-octubre-se-despide-con-el-ingreso-de-un-frente-frio","status":"publish","type":"post","link":"https:\/\/pasaenmendoza.com\/?p=2625","title":{"rendered":"Pron\u00f3stico en Mendoza: octubre se despide con el ingreso de un frente fr\u00edo"},"content":{"rendered":"\n<p>Octubre se despide de Mendoza con el ingreso de un frente fr\u00edo por la noche de este martes, cual traer\u00eda inestabilidad durante la madrugada y en las primeras horas del mi\u00e9rcoles.<\/p>\n\n\n\n<p>Seg\u00fan Contingencias Clim\u00e1ticas,\u00a0<mark>este martes el cielo estar\u00e1 algo nublado con ascenso de la temperatura, vientos moderados del sudeste<\/mark>. Adem\u00e1s, existe la posibilidad de heladas parciales. \u201cPrecipitaciones en el sur provincial durante la noche e inestable en cordillera\u201d, agrega el pron\u00f3stico.<\/p>\n\n\n\n<p>La temperatura m\u00e1xima se ubicar\u00e1 en 23 grados y la m\u00ednima en 6 grados.<\/p>\n\n\n\n<p>En tanto, para este&nbsp;<strong>mi\u00e9rcoles&nbsp;<\/strong>las condiciones desmejorar\u00e1n considerablemente. El cielo estar\u00e1 parcialmente nublado y fr\u00edo, con vientos moderados del sudeste. Se esperan precipitaciones aisladas en el llano y nevadas en cordillera.<\/p>\n\n\n\n<p>Por otra parte, en alta monta\u00f1a se mantienen las condiciones de inestabilidad, con probabilidad de nevadas. Por este motivo, el Paso Internacional Cristo Redentor se encuentra cerrado y se mantendr\u00eda as\u00ed hasta este jueves.<\/p>\n\n\n\n<p><strong>Fuente: www.elsol.com.ar<\/strong><\/p>\n","protected":false},"excerpt":{"rendered":"<p>Octubre se despide de Mendoza con el ingreso de un frente fr\u00edo por la noche de este martes, cual traer\u00eda inestabilidad durante la madrugada y en las primeras horas del mi\u00e9rcoles. Seg\u00fan Contingencias Clim\u00e1ticas,\u00a0este martes el cielo estar\u00e1 algo nublado con ascenso de la temperatura, vientos moderados del sudeste. Adem\u00e1s, existe la posibilidad de heladas [&hellip;]<\/p>\n","protected":false},"author":2,"featured_media":2626,"comment_status":"open","ping_status":"open","sticky":false,"template":"","format":"standard","meta":[],"categories":[52],"tags":[],"_links":{"self":[{"href":"https:\/\/pasaenmendoza.com\/index.php?rest_route=\/wp\/v2\/posts\/2625"}],"collection":[{"href":"https:\/\/pasaenmendoza.com\/index.php?rest_route=\/wp\/v2\/posts"}],"about":[{"href":"https:\/\/pasaenmendoza.com\/index.php?rest_route=\/wp\/v2\/types\/post"}],"author":[{"embeddable":true,"href":"https:\/\/pasaenmendoza.com\/index.php?rest_route=\/wp\/v2\/users\/2"}],"replies":[{"embeddable":true,"href":"https:\/\/pasaenmendoza.com\/index.php?rest_route=%2Fwp%2Fv2%2Fcomments&post=2625"}],"version-history":[{"count":1,"href":"https:\/\/pasaenmendoza.com\/index.php?rest_route=\/wp\/v2\/posts\/2625\/revisions"}],"predecessor-version":[{"id":2627,"href":"https:\/\/pasaenmendoza.com\/index.php?rest_route=\/wp\/v2\/posts\/2625\/revisions\/2627"}],"wp:featuredmedia":[{"embeddable":true,"href":"https:\/\/pasaenmendoza.com\/index.php?rest_route=\/wp\/v2\/media\/2626"}],"wp:attachment":[{"href":"https:\/\/pasaenmendoza.com\/index.php?rest_route=%2Fwp%2Fv2%2Fmedia&parent=2625"}],"wp:term":[{"taxonomy":"category","embeddable":true,"href":"https:\/\/pasaenmendoza.com\/index.php?rest_route=%2Fwp%2Fv2%2Fcategories&post=2625"},{"taxonomy":"post_tag","embeddable":true,"href":"https:\/\/pasaenmendoza.com\/index.php?rest_route=%2Fwp%2Fv2%2Ftags&post=2625"}],"curies":[{"name":"wp","href":"https:\/\/api.w.org\/{rel}","templated":true}]}}