{"id":2631,"date":"2023-10-31T13:40:05","date_gmt":"2023-10-31T12:40:05","guid":{"rendered":"https:\/\/pasaenmendoza.com\/?p=2631"},"modified":"2023-10-31T13:40:07","modified_gmt":"2023-10-31T12:40:07","slug":"en-medio-del-apagon-en-las-heras-hubo-un-tiroteo-en-el-deposito-del-atomo","status":"publish","type":"post","link":"https:\/\/pasaenmendoza.com\/?p=2631","title":{"rendered":"En medio del apag\u00f3n en Las Heras hubo un tiroteo en el dep\u00f3sito del \u00c1tomo"},"content":{"rendered":"\n<p>El\u00a0<strong>dep\u00f3sito del supermercado \u00c1tomo, ubicado en la calle \u00c1lvarez Condarco de Las Heras,<\/strong>\u00a0se convirti\u00f3 en el epicentro de disturbios con\u00a0<strong>disparos y corridas<\/strong>.\u00a0<\/p>\n\n\n\n<p>Durante las \u00faltimas horas de este domingo, la zona se vio afectada por&nbsp;&nbsp;<strong>un apag\u00f3n generalizado<\/strong>&nbsp;producto de los incendios en la zona de \u00c1lvarez Condarco, que afectaron las l\u00edneas de alta tensi\u00f3n.&nbsp;<\/p>\n\n\n\n<p>Seg\u00fan inform\u00f3<em>\u00a0Diario Mendoza<\/em>, la Polic\u00eda de Mendoza intervino por el alerta de que hab\u00eda\u00a0<strong>varias personas cuyas intenciones no estaban claras frente al dep\u00f3sito<\/strong>. En este contexto, se escucharon\u00a0<strong>numerosos disparos de armas de fuego.<\/strong><\/p>\n\n\n\n<p>La intervenci\u00f3n policial ten\u00eda como objetivo mantener el orden y garantizar la seguridad en la zona. Sin embargo, la confrontaci\u00f3n entre los agentes y los sospechosos dio lugar a un\u00a0<strong>enfrentamiento con disparos de armas de fuego.<\/strong><\/p>\n\n\n\n<p>Las causas y las circunstancias exactas que llevaron a esta noche de disturbios en Las Heras a\u00fan no est\u00e1n claras, y\u00a0<strong>las autoridades est\u00e1n investigando los hechos y no hay informaci\u00f3n sobre si hubo detenidos.\u00a0<\/strong><\/p>\n\n\n\n<p><strong>Fuente:www.mendozapost.com<\/strong><\/p>\n","protected":false},"excerpt":{"rendered":"<p>El\u00a0dep\u00f3sito del supermercado \u00c1tomo, ubicado en la calle \u00c1lvarez Condarco de Las Heras,\u00a0se convirti\u00f3 en el epicentro de disturbios con\u00a0disparos y corridas.\u00a0 Durante las \u00faltimas horas de este domingo, la zona se vio afectada por&nbsp;&nbsp;un apag\u00f3n generalizado&nbsp;producto de los incendios en la zona de \u00c1lvarez Condarco, que afectaron las l\u00edneas de alta tensi\u00f3n.&nbsp; Seg\u00fan inform\u00f3\u00a0Diario [&hellip;]<\/p>\n","protected":false},"author":2,"featured_media":2632,"comment_status":"open","ping_status":"open","sticky":false,"template":"","format":"standard","meta":[],"categories":[48],"tags":[],"_links":{"self":[{"href":"https:\/\/pasaenmendoza.com\/index.php?rest_route=\/wp\/v2\/posts\/2631"}],"collection":[{"href":"https:\/\/pasaenmendoza.com\/index.php?rest_route=\/wp\/v2\/posts"}],"about":[{"href":"https:\/\/pasaenmendoza.com\/index.php?rest_route=\/wp\/v2\/types\/post"}],"author":[{"embeddable":true,"href":"https:\/\/pasaenmendoza.com\/index.php?rest_route=\/wp\/v2\/users\/2"}],"replies":[{"embeddable":true,"href":"https:\/\/pasaenmendoza.com\/index.php?rest_route=%2Fwp%2Fv2%2Fcomments&post=2631"}],"version-history":[{"count":1,"href":"https:\/\/pasaenmendoza.com\/index.php?rest_route=\/wp\/v2\/posts\/2631\/revisions"}],"predecessor-version":[{"id":2633,"href":"https:\/\/pasaenmendoza.com\/index.php?rest_route=\/wp\/v2\/posts\/2631\/revisions\/2633"}],"wp:featuredmedia":[{"embeddable":true,"href":"https:\/\/pasaenmendoza.com\/index.php?rest_route=\/wp\/v2\/media\/2632"}],"wp:attachment":[{"href":"https:\/\/pasaenmendoza.com\/index.php?rest_route=%2Fwp%2Fv2%2Fmedia&parent=2631"}],"wp:term":[{"taxonomy":"category","embeddable":true,"href":"https:\/\/pasaenmendoza.com\/index.php?rest_route=%2Fwp%2Fv2%2Fcategories&post=2631"},{"taxonomy":"post_tag","embeddable":true,"href":"https:\/\/pasaenmendoza.com\/index.php?rest_route=%2Fwp%2Fv2%2Ftags&post=2631"}],"curies":[{"name":"wp","href":"https:\/\/api.w.org\/{rel}","templated":true}]}}