{"id":2644,"date":"2023-10-31T14:07:35","date_gmt":"2023-10-31T13:07:35","guid":{"rendered":"https:\/\/pasaenmendoza.com\/?p=2644"},"modified":"2023-10-31T14:07:36","modified_gmt":"2023-10-31T13:07:36","slug":"atencion-viajeros-habilitaron-parcialmente-el-paso-cristo-redentor","status":"publish","type":"post","link":"https:\/\/pasaenmendoza.com\/?p=2644","title":{"rendered":"Atenci\u00f3n viajeros: Habilitaron parcialmente el paso Cristo Redentor"},"content":{"rendered":"\n<p>Las autoridades del\u00a0<strong>Sistema Cristo Redentor\u00a0<\/strong>informaron<strong>\u00a0<\/strong>en las \u00faltimas horas que el\u00a0<strong>t\u00fanel internacional\u00a0<\/strong>hacia\u00a0<strong>Chile<\/strong>\u00a0estar\u00e1\u00a0<strong>abierto\u00a0<\/strong>este d\u00eda martes para veh\u00edculos livianos y buses, para ambos sentidos de circulaci\u00f3n.<\/p>\n\n\n\n<p>En coordinaci\u00f3n con el vecino pa\u00eds, se tom\u00f3 la decisi\u00f3n de la reapertura parcial. Esto se debe a que hay una mejora en cuanto a las condiciones meteorol\u00f3gicas en el Corredor Internacional de los dos lados de la Cordillera de los Andes. Adem\u00e1s, permanentemente se est\u00e1n evaluado las condiciones de las calzadas para permitir su paso durante todo el d\u00eda.<\/p>\n\n\n\n<p>La continuidad de la misma, ser\u00e1 analizada constantemente y depender\u00e1 de como evolucione el tiempo durante las pr\u00f3ximas horas. Sumado a esto, es obligatorio la portaci\u00f3n de cadenas en todas las rutas de la regi\u00f3n de Alta Monta\u00f1a.<\/p>\n\n\n\n<p>Adem\u00e1s, a\u00f1adieron que para evitar esperas en alta monta\u00f1a, los veh\u00edculos ser\u00e1n dosificados en Uspallata y Guardia Vieja respectivamente. En Uspallata, se esperan temperaturas de hasta 3\u00b0. En Punta de Vacas, -1\u00b0. Luego, en Puente del Inca, -4\u00b0 y finalmente en Las Cuevas, -5\u00b0.<\/p>\n\n\n\n<p>Como siempre, la Coordinaci\u00f3n de Frontera aconseja que los que quieran viajar por las rutas de monta\u00f1a, tanto en Argentina como en Chile, ya sean particulares o transportistas, consulten el estado de los caminos a trav\u00e9s de las cuentas oficiales de &#8220;X&#8221;, para evitar demoras.<\/p>\n\n\n\n<p><strong>Fuente: www.diariomendoza.com.ar<\/strong><\/p>\n","protected":false},"excerpt":{"rendered":"<p>Las autoridades del\u00a0Sistema Cristo Redentor\u00a0informaron\u00a0en las \u00faltimas horas que el\u00a0t\u00fanel internacional\u00a0hacia\u00a0Chile\u00a0estar\u00e1\u00a0abierto\u00a0este d\u00eda martes para veh\u00edculos livianos y buses, para ambos sentidos de circulaci\u00f3n. En coordinaci\u00f3n con el vecino pa\u00eds, se tom\u00f3 la decisi\u00f3n de la reapertura parcial. Esto se debe a que hay una mejora en cuanto a las condiciones meteorol\u00f3gicas en el Corredor Internacional [&hellip;]<\/p>\n","protected":false},"author":2,"featured_media":2645,"comment_status":"open","ping_status":"open","sticky":false,"template":"","format":"standard","meta":[],"categories":[66],"tags":[],"_links":{"self":[{"href":"https:\/\/pasaenmendoza.com\/index.php?rest_route=\/wp\/v2\/posts\/2644"}],"collection":[{"href":"https:\/\/pasaenmendoza.com\/index.php?rest_route=\/wp\/v2\/posts"}],"about":[{"href":"https:\/\/pasaenmendoza.com\/index.php?rest_route=\/wp\/v2\/types\/post"}],"author":[{"embeddable":true,"href":"https:\/\/pasaenmendoza.com\/index.php?rest_route=\/wp\/v2\/users\/2"}],"replies":[{"embeddable":true,"href":"https:\/\/pasaenmendoza.com\/index.php?rest_route=%2Fwp%2Fv2%2Fcomments&post=2644"}],"version-history":[{"count":1,"href":"https:\/\/pasaenmendoza.com\/index.php?rest_route=\/wp\/v2\/posts\/2644\/revisions"}],"predecessor-version":[{"id":2646,"href":"https:\/\/pasaenmendoza.com\/index.php?rest_route=\/wp\/v2\/posts\/2644\/revisions\/2646"}],"wp:featuredmedia":[{"embeddable":true,"href":"https:\/\/pasaenmendoza.com\/index.php?rest_route=\/wp\/v2\/media\/2645"}],"wp:attachment":[{"href":"https:\/\/pasaenmendoza.com\/index.php?rest_route=%2Fwp%2Fv2%2Fmedia&parent=2644"}],"wp:term":[{"taxonomy":"category","embeddable":true,"href":"https:\/\/pasaenmendoza.com\/index.php?rest_route=%2Fwp%2Fv2%2Fcategories&post=2644"},{"taxonomy":"post_tag","embeddable":true,"href":"https:\/\/pasaenmendoza.com\/index.php?rest_route=%2Fwp%2Fv2%2Ftags&post=2644"}],"curies":[{"name":"wp","href":"https:\/\/api.w.org\/{rel}","templated":true}]}}