{"id":2647,"date":"2023-10-31T14:14:28","date_gmt":"2023-10-31T13:14:28","guid":{"rendered":"https:\/\/pasaenmendoza.com\/?p=2647"},"modified":"2023-10-31T14:14:29","modified_gmt":"2023-10-31T13:14:29","slug":"balotaje-el-pro-de-bullrich-confirmo-que-fiscalizara-para-milei-en-mendoza","status":"publish","type":"post","link":"https:\/\/pasaenmendoza.com\/?p=2647","title":{"rendered":"Balotaje: el PRO de Bullrich confirm\u00f3 que fiscalizar\u00e1 para Milei en Mendoza"},"content":{"rendered":"\n<p>Luego del apoyo de&nbsp;<strong>Patricia Bullrich<\/strong>&nbsp;a la candidatura de<strong>&nbsp;Javier Milei<\/strong>&nbsp;para el&nbsp;<strong>balotaje<\/strong>, dirigentes del PRO mendocino que integran Cambia Mendoza y responden a la ex ministra de Seguridad, se reunieron con referentes del&nbsp;<strong>Partido Dem\u00f3crata<\/strong>&nbsp;y&nbsp;<strong>Libertario<\/strong>&nbsp;para organizar la fiscalizaci\u00f3n de los comicios del 19 de noviembre.<\/p>\n\n\n\n<p>La decisi\u00f3n de Bullrich provoc\u00f3 un cimbronazo interno en\u00a0<strong>Juntos por el Cambio<\/strong>, sobre todo en Buenos Aires o CABA, donde la escisi\u00f3n entre palomas y halcones se profundiz\u00f3 ahora con la neutralidad o el apoyo para la segunda vuelta.<\/p>\n\n\n\n<p>En la provincia,&nbsp;<strong>Cambia Mendoza<\/strong>&nbsp;se declar\u00f3 neutral y liber\u00f3 a sus integrantes para que sean libres a la hora de elegir o no a un candidato en el balotaje. Si bien la decisi\u00f3n de CM provoc\u00f3 malestar en algunos dirigentes,&nbsp;<mark>el sector bullrichista no perdi\u00f3 el tiempo y se puso a disposici\u00f3n del equipo de campa\u00f1a de La Libertad Avanza<\/mark>.<\/p>\n\n\n\n<p>\u201c<em>Una muestra del apoyo a Milei es fortalecer la fiscalizaci\u00f3n de su candidatura en noviembre<\/em>\u201d, afirm\u00f3 la actual concejal y diputada electa, Sol Salinas.<\/p>\n\n\n\n<p>Desde la semana pasada, dirigentes del PRO \u201cbullrichista\u201d han mantenido reuniones en Guaymall\u00e9n o en San Mart\u00edn con autoridades del&nbsp;<strong>Partido Dem\u00f3crata&nbsp;<\/strong>para organizar lo que ser\u00e1 la fiscalizaci\u00f3n de los votos del economista liberal en toda la provincia.<\/p>\n\n\n\n<p>Adem\u00e1s de Salinas, quien est\u00e1 al frente de la log\u00edstica de la fiscalizaci\u00f3n es la vicegobernadora electa\u00a0<strong>Hebe Casado<\/strong>, quien manifest\u00f3 p\u00fablicamente que votar\u00e1 a Milei en noviembre. Por el lado del frente Dem\u00f3crata \/ Libertario est\u00e1n el presidente del PD,\u00a0<strong>Armando Magistretti<\/strong>\u00a0y el flamante diputado nacional electo,\u00a0<strong>Facundo Correa Llano<\/strong>.<\/p>\n\n\n\n<p>En las elecciones generales del 22 de octubre, en la provincia hubo 4.357 mesas divididas en 646 escuelas y desde el ala dura del PRO mendocino como del Dem\u00f3crata se muestran confiados con que llegar a cubrir todas las urnas.<\/p>\n\n\n\n<p>\u201c<em>Las mesas en las generales estaban cubiertas en su mayor\u00eda. Ahora con ambos equipos seguramente se cubrir\u00e1n al 100%<\/em>\u201d, expres\u00f3 Magistretti.<\/p>\n\n\n\n<p>Si bien quienes responden a Bullrich y referentes de Milei en la provincia ya se encuentran en el armado log\u00edstico de la fiscalizaci\u00f3n, desde ambos sectores no descartan que allegados a<strong>&nbsp;Luis Petri<\/strong>&nbsp;tambi\u00e9n se sumen a esta tarea para custodiar el voto el 19 de noviembre.<\/p>\n\n\n\n<p>\u201c<em>Ma\u00f1ana nos reuniremos para ver como nos organizamos para la campa\u00f1a y para el d\u00eda de las elecciones<\/em>\u201d, manifestaron desde el entorno del dirigente radical.<\/p>\n\n\n\n<p><strong>Fuente: www.elsol.com.ar<\/strong><\/p>\n","protected":false},"excerpt":{"rendered":"<p>Luego del apoyo de&nbsp;Patricia Bullrich&nbsp;a la candidatura de&nbsp;Javier Milei&nbsp;para el&nbsp;balotaje, dirigentes del PRO mendocino que integran Cambia Mendoza y responden a la ex ministra de Seguridad, se reunieron con referentes del&nbsp;Partido Dem\u00f3crata&nbsp;y&nbsp;Libertario&nbsp;para organizar la fiscalizaci\u00f3n de los comicios del 19 de noviembre. La decisi\u00f3n de Bullrich provoc\u00f3 un cimbronazo interno en\u00a0Juntos por el Cambio, sobre [&hellip;]<\/p>\n","protected":false},"author":2,"featured_media":2648,"comment_status":"open","ping_status":"open","sticky":false,"template":"","format":"standard","meta":[],"categories":[47],"tags":[],"_links":{"self":[{"href":"https:\/\/pasaenmendoza.com\/index.php?rest_route=\/wp\/v2\/posts\/2647"}],"collection":[{"href":"https:\/\/pasaenmendoza.com\/index.php?rest_route=\/wp\/v2\/posts"}],"about":[{"href":"https:\/\/pasaenmendoza.com\/index.php?rest_route=\/wp\/v2\/types\/post"}],"author":[{"embeddable":true,"href":"https:\/\/pasaenmendoza.com\/index.php?rest_route=\/wp\/v2\/users\/2"}],"replies":[{"embeddable":true,"href":"https:\/\/pasaenmendoza.com\/index.php?rest_route=%2Fwp%2Fv2%2Fcomments&post=2647"}],"version-history":[{"count":1,"href":"https:\/\/pasaenmendoza.com\/index.php?rest_route=\/wp\/v2\/posts\/2647\/revisions"}],"predecessor-version":[{"id":2649,"href":"https:\/\/pasaenmendoza.com\/index.php?rest_route=\/wp\/v2\/posts\/2647\/revisions\/2649"}],"wp:featuredmedia":[{"embeddable":true,"href":"https:\/\/pasaenmendoza.com\/index.php?rest_route=\/wp\/v2\/media\/2648"}],"wp:attachment":[{"href":"https:\/\/pasaenmendoza.com\/index.php?rest_route=%2Fwp%2Fv2%2Fmedia&parent=2647"}],"wp:term":[{"taxonomy":"category","embeddable":true,"href":"https:\/\/pasaenmendoza.com\/index.php?rest_route=%2Fwp%2Fv2%2Fcategories&post=2647"},{"taxonomy":"post_tag","embeddable":true,"href":"https:\/\/pasaenmendoza.com\/index.php?rest_route=%2Fwp%2Fv2%2Ftags&post=2647"}],"curies":[{"name":"wp","href":"https:\/\/api.w.org\/{rel}","templated":true}]}}