{"id":2653,"date":"2023-11-01T12:52:18","date_gmt":"2023-11-01T11:52:18","guid":{"rendered":"https:\/\/pasaenmendoza.com\/?p=2653"},"modified":"2023-11-01T12:52:19","modified_gmt":"2023-11-01T11:52:19","slug":"presupuesto-2024-la-oposicion-juega-con-la-ansiedad-de-cambia-mendoza","status":"publish","type":"post","link":"https:\/\/pasaenmendoza.com\/?p=2653","title":{"rendered":"Presupuesto 2024: la oposici\u00f3n juega con la ansiedad de Cambia Mendoza"},"content":{"rendered":"\n<p>El oficialismo busca su aprobaci\u00f3n antes del recambio legislativo a fines de noviembre. Desde el PJ y La Uni\u00f3n Mendocina piden m\u00e1s tiempo para su an\u00e1lisis.<\/p>\n\n\n\n<p>Como un reloj de arena, el tiempo corre y el Gobierno provincial no logra que se trate en la Legislatura el proyecto de&nbsp;<strong>Ley de Presupuesto de 2024<\/strong>. Bajo el argumento de terminar de analizar la pauta de gastos presentada por el ministro de Hacienda,&nbsp;<strong>V\u00edctor Fayad<\/strong>,&nbsp;<mark>la oposici\u00f3n pidi\u00f3 que el debate se pase para la pr\u00f3xima semana<\/mark>.<\/p>\n\n\n\n<p>La intenci\u00f3n de&nbsp;<strong>Cambia Mendoza<\/strong>&nbsp;es que cuando asuma&nbsp;<strong>Alfredo Cornejo<\/strong>&nbsp;nuevamente como gobernador, el 10 de diciembre, lo haga ya con el presupuesto aprobado. La oposici\u00f3n es consciente de esto y decide dilatar el debate en la C\u00e1mara de Diputados.<\/p>\n\n\n\n<p>Otro motivo que mantiene inquieto al oficialismo provincial se debe a que el 23 de noviembre asumen los nuevos legisladores electos en las \u00faltimas elecciones provinciales. Con el recambio en la Legislatura, CM mantendr\u00eda la mayor\u00eda en ambas c\u00e1maras.<\/p>\n\n\n\n<p>Pero de darse el tratamiento con el nuevo escenario en el recinto, significar\u00eda perder m\u00e1s tiempo para que los diputados y senadores entrantes puedan analizar y debatir el proyecto de ley.<\/p>\n\n\n\n<p>Por el lado de la oposici\u00f3n, el&nbsp;<strong>Frente Eleg\u00ed<\/strong>&nbsp;mantendr\u00e1 reuniones con sus equipos t\u00e9cnicos y referentes pol\u00edticos para analizar en detalle algunos puntos que consideran \u201cclaves\u201d del proyecto presentado por Fayad. Mientras que<strong>&nbsp;La Uni\u00f3n Mendocina<\/strong>&nbsp;se reunir\u00e1 este martes a las 18 con sus legisladores para profundizar en la pauta de gastos de 2024 y ver qu\u00e9 postura tomar\u00e1n como bloque. &nbsp;<\/p>\n\n\n\n<p>Los puntos que m\u00e1s \u201crosca\u201d tendr\u00e1n en las fuerzas pol\u00edticas ser\u00e1 la autorizaci\u00f3n que solicita el Ejecutivo provincial para el\u00a0<mark>financiamiento de 30.000 millones de pesos para la ejecuci\u00f3n de las etapas III y IV del Metrotranv\u00eda<\/mark>. Para lograr este permiso, Cambia Mendoza necesita el aval de dos tercios de ambas c\u00e1maras<\/p>\n\n\n\n<p>Otro punto que est\u00e1 analizando la oposici\u00f3n son los<mark>&nbsp;nuevos porcentajes que recibir\u00e1n los municipios acordes al \u00faltimo censo poblacional<\/mark>. El oficialismo se muestra confiado con esta iniciativa ya que es una buena carta de negociaci\u00f3n para el peronismo y LAUM, porque departamentos como Maip\u00fa o Luj\u00e1n -donde gobierna la oposici\u00f3n- son los mayores beneficiados.<\/p>\n\n\n\n<p>Y, por \u00faltimo, un tema que traer\u00e1 una acalorada discusi\u00f3n entre las fuerzas son los criterios de recaudaci\u00f3n que present\u00f3 ATM. El foco estar\u00e1 en\u00a0<mark>los destinos que se le dar\u00e1 a la recaudaci\u00f3n tributaria<\/mark>\u00a0y principalmente en el\u00a0<mark>aumento dispuesto para el impuesto Automotor (151%) y en el Inmobiliario (136%)<\/mark>.<\/p>\n\n\n\n<p>Ante este reclamo de la oposici\u00f3n desde el entorno de Cambia Mendoza expresaron que la oposici\u00f3n \u201csabe\u201d que los impuestos en la provincia est\u00e1n bajando y que, si se oponen, lo har\u00edan solamente por oponerse. \u201c<em>Ladran para afuera, pero internamente reconocen lo que planteamos<\/em>\u201d, aseguraron.<\/p>\n\n\n\n<p>Mientras, tanto el peronismo como La Uni\u00f3n Mendocina se mantendr\u00e1n herm\u00e9ticos hasta que decidan una postura como partido bloque. Hasta el momento, habr\u00e1 que esperar una semana m\u00e1s para el tratamiento de la Ley de leyes.<\/p>\n\n\n\n<p>FUENTE: elsol.com.ar<\/p>\n","protected":false},"excerpt":{"rendered":"<p>El oficialismo busca su aprobaci\u00f3n antes del recambio legislativo a fines de noviembre. Desde el PJ y La Uni\u00f3n Mendocina piden m\u00e1s tiempo para su an\u00e1lisis. Como un reloj de arena, el tiempo corre y el Gobierno provincial no logra que se trate en la Legislatura el proyecto de&nbsp;Ley de Presupuesto de 2024. Bajo el [&hellip;]<\/p>\n","protected":false},"author":2,"featured_media":2654,"comment_status":"open","ping_status":"open","sticky":true,"template":"","format":"standard","meta":[],"categories":[47],"tags":[],"_links":{"self":[{"href":"https:\/\/pasaenmendoza.com\/index.php?rest_route=\/wp\/v2\/posts\/2653"}],"collection":[{"href":"https:\/\/pasaenmendoza.com\/index.php?rest_route=\/wp\/v2\/posts"}],"about":[{"href":"https:\/\/pasaenmendoza.com\/index.php?rest_route=\/wp\/v2\/types\/post"}],"author":[{"embeddable":true,"href":"https:\/\/pasaenmendoza.com\/index.php?rest_route=\/wp\/v2\/users\/2"}],"replies":[{"embeddable":true,"href":"https:\/\/pasaenmendoza.com\/index.php?rest_route=%2Fwp%2Fv2%2Fcomments&post=2653"}],"version-history":[{"count":1,"href":"https:\/\/pasaenmendoza.com\/index.php?rest_route=\/wp\/v2\/posts\/2653\/revisions"}],"predecessor-version":[{"id":2655,"href":"https:\/\/pasaenmendoza.com\/index.php?rest_route=\/wp\/v2\/posts\/2653\/revisions\/2655"}],"wp:featuredmedia":[{"embeddable":true,"href":"https:\/\/pasaenmendoza.com\/index.php?rest_route=\/wp\/v2\/media\/2654"}],"wp:attachment":[{"href":"https:\/\/pasaenmendoza.com\/index.php?rest_route=%2Fwp%2Fv2%2Fmedia&parent=2653"}],"wp:term":[{"taxonomy":"category","embeddable":true,"href":"https:\/\/pasaenmendoza.com\/index.php?rest_route=%2Fwp%2Fv2%2Fcategories&post=2653"},{"taxonomy":"post_tag","embeddable":true,"href":"https:\/\/pasaenmendoza.com\/index.php?rest_route=%2Fwp%2Fv2%2Ftags&post=2653"}],"curies":[{"name":"wp","href":"https:\/\/api.w.org\/{rel}","templated":true}]}}