{"id":2656,"date":"2023-11-01T12:56:38","date_gmt":"2023-11-01T11:56:38","guid":{"rendered":"https:\/\/pasaenmendoza.com\/?p=2656"},"modified":"2023-11-01T12:56:39","modified_gmt":"2023-11-01T11:56:39","slug":"suarez-pidio-4-mil-millones-a-nacion-para-damnificados-por-el-zonda","status":"publish","type":"post","link":"https:\/\/pasaenmendoza.com\/?p=2656","title":{"rendered":"Suarez pidi\u00f3 $4 mil millones a Naci\u00f3n para damnificados por el Zonda"},"content":{"rendered":"\n<p>El gobernador de la provincia de Mendoza,&nbsp;<strong>Rodolfo Suarez<\/strong>, elev\u00f3 una solicitud formal al Gobierno Nacional,&nbsp; para obtener un Aporte No Reintegrable (ATN) por un monto de&nbsp;<strong>cuatro mil millones de pesos.<\/strong><\/p>\n\n\n\n<p>Luego de declarar la emergencia ambiental y habitacional, el mandatario solicit\u00f3 la suma, este martes, al Ministerio del Interior de la Naci\u00f3n,\u00a0 con el fin de afrontar los da\u00f1os provocados por el viento\u00a0<strong>Zonda<\/strong>\u00a0 del s\u00e1bado 28 y domingo 29 de octubre.\u00a0<\/p>\n\n\n\n<p>La solicitud de Suarez se enmarca en los t\u00e9rminos establecidos por el art\u00edculo 3\u00ba, inciso d, y 5\u00ba de la Ley N\u00ba 23.548, que establece el Fondo de Aportes del Tesoro Nacional.\u00a0\u00a0<\/p>\n\n\n\n<p>En la nota dirigida al ministro del Interior, Eduardo De Pedro, se fundamenta la necesidad de &#8220;obtener la asistencia del Poder Ejecutivo Nacional para hacer frente a las condiciones generadas por el fen\u00f3meno clim\u00e1tico descrito y aliviar la situaci\u00f3n de las familias afectadas&#8221;.<\/p>\n\n\n\n<p>Cabe recodar que la magnitud de las r\u00e1fagas de viento Zonda generaron inconvenientes en el tendido el\u00e9ctrico, la ca\u00edda de \u00e1rboles e incendios en la zona del piedemonte mendocino.<\/p>\n\n\n\n<p>Por \u00faltimo, el gobernador reiter\u00f3 el compromiso de la Provincia para &#8220;brindar apoyo a los damnificados y restaurar la normalidad en las zonas afectadas&#8221;.<\/p>\n\n\n\n<p>FUENTE: Mendozapost.<\/p>\n","protected":false},"excerpt":{"rendered":"<p>El gobernador de la provincia de Mendoza,&nbsp;Rodolfo Suarez, elev\u00f3 una solicitud formal al Gobierno Nacional,&nbsp; para obtener un Aporte No Reintegrable (ATN) por un monto de&nbsp;cuatro mil millones de pesos. Luego de declarar la emergencia ambiental y habitacional, el mandatario solicit\u00f3 la suma, este martes, al Ministerio del Interior de la Naci\u00f3n,\u00a0 con el fin [&hellip;]<\/p>\n","protected":false},"author":2,"featured_media":2657,"comment_status":"open","ping_status":"open","sticky":true,"template":"","format":"standard","meta":[],"categories":[47],"tags":[],"_links":{"self":[{"href":"https:\/\/pasaenmendoza.com\/index.php?rest_route=\/wp\/v2\/posts\/2656"}],"collection":[{"href":"https:\/\/pasaenmendoza.com\/index.php?rest_route=\/wp\/v2\/posts"}],"about":[{"href":"https:\/\/pasaenmendoza.com\/index.php?rest_route=\/wp\/v2\/types\/post"}],"author":[{"embeddable":true,"href":"https:\/\/pasaenmendoza.com\/index.php?rest_route=\/wp\/v2\/users\/2"}],"replies":[{"embeddable":true,"href":"https:\/\/pasaenmendoza.com\/index.php?rest_route=%2Fwp%2Fv2%2Fcomments&post=2656"}],"version-history":[{"count":1,"href":"https:\/\/pasaenmendoza.com\/index.php?rest_route=\/wp\/v2\/posts\/2656\/revisions"}],"predecessor-version":[{"id":2658,"href":"https:\/\/pasaenmendoza.com\/index.php?rest_route=\/wp\/v2\/posts\/2656\/revisions\/2658"}],"wp:featuredmedia":[{"embeddable":true,"href":"https:\/\/pasaenmendoza.com\/index.php?rest_route=\/wp\/v2\/media\/2657"}],"wp:attachment":[{"href":"https:\/\/pasaenmendoza.com\/index.php?rest_route=%2Fwp%2Fv2%2Fmedia&parent=2656"}],"wp:term":[{"taxonomy":"category","embeddable":true,"href":"https:\/\/pasaenmendoza.com\/index.php?rest_route=%2Fwp%2Fv2%2Fcategories&post=2656"},{"taxonomy":"post_tag","embeddable":true,"href":"https:\/\/pasaenmendoza.com\/index.php?rest_route=%2Fwp%2Fv2%2Ftags&post=2656"}],"curies":[{"name":"wp","href":"https:\/\/api.w.org\/{rel}","templated":true}]}}