{"id":2659,"date":"2023-11-01T13:02:57","date_gmt":"2023-11-01T12:02:57","guid":{"rendered":"https:\/\/pasaenmendoza.com\/?p=2659"},"modified":"2023-11-01T13:02:58","modified_gmt":"2023-11-01T12:02:58","slug":"cornejo-y-suarez-apuntaron-contra-los-radicales-k-que-apoyan-a-massa","status":"publish","type":"post","link":"https:\/\/pasaenmendoza.com\/?p=2659","title":{"rendered":"Cornejo y Suarez apuntaron contra los &#8220;radicales K&#8221; que apoyan a Massa"},"content":{"rendered":"\n<p>El gobernador de la provincia de Mendoza,\u00a0<strong>Rodolfo Suarez,<\/strong>\u00a0y el electo\u00a0<strong>Alfredo Cornejo<\/strong>, utilizaron un mismo mensaje\u00a0a trav\u00e9s de las redes sociales, para apuntar contra los denominados\u00a0<strong>&#8220;radicales K&#8221;<\/strong>, que en las \u00faltimas horas manifestaron abiertamente y con c\u00e1nticos, su apoyo al\u00a0 candidato presidencial de Uni\u00f3n por la Patria.<\/p>\n\n\n\n<p>&#8220;Siga el baile siga el baile, al comp\u00e1s del tamboril;\u00a0\u00a0<strong>Sergio Massa<\/strong>\u00a0presidente, de la mano de Alfons\u00edn&#8221;, dec\u00edan las estrofas que se escucharon en un acto del que particip\u00f3 el ministro de Econom\u00eda en el que se lo vi\u00f3, por ejemplo, a Nito Artaza.\u00a0<\/p>\n\n\n\n<p>Ante la postura de ese sector, tanto Cornejo como Suarez publicaron en sus respectivas cuentas de X (ex Twitter), el mismo escrito para aclarar la postura de la UCR.<\/p>\n\n\n\n<p>&#8220;El radicalismo institucionalmente ha optado por no respaldar a ning\u00fan candidato en el balotaje. Dirigentes de sectores minoritarios, que utilizan las banderas y s\u00edmbolos pero que no son radicales, hace tiempo se han alineado con el kirchnerismo e intentan confundir a la sociedad&#8221;, destacaron ambos en sus respectivos posteos.<\/p>\n\n\n\n<p>FUENTE: Mendozapost.<\/p>\n","protected":false},"excerpt":{"rendered":"<p>El gobernador de la provincia de Mendoza,\u00a0Rodolfo Suarez,\u00a0y el electo\u00a0Alfredo Cornejo, utilizaron un mismo mensaje\u00a0a trav\u00e9s de las redes sociales, para apuntar contra los denominados\u00a0&#8220;radicales K&#8221;, que en las \u00faltimas horas manifestaron abiertamente y con c\u00e1nticos, su apoyo al\u00a0 candidato presidencial de Uni\u00f3n por la Patria. &#8220;Siga el baile siga el baile, al comp\u00e1s del [&hellip;]<\/p>\n","protected":false},"author":2,"featured_media":2584,"comment_status":"open","ping_status":"open","sticky":true,"template":"","format":"standard","meta":[],"categories":[47],"tags":[],"_links":{"self":[{"href":"https:\/\/pasaenmendoza.com\/index.php?rest_route=\/wp\/v2\/posts\/2659"}],"collection":[{"href":"https:\/\/pasaenmendoza.com\/index.php?rest_route=\/wp\/v2\/posts"}],"about":[{"href":"https:\/\/pasaenmendoza.com\/index.php?rest_route=\/wp\/v2\/types\/post"}],"author":[{"embeddable":true,"href":"https:\/\/pasaenmendoza.com\/index.php?rest_route=\/wp\/v2\/users\/2"}],"replies":[{"embeddable":true,"href":"https:\/\/pasaenmendoza.com\/index.php?rest_route=%2Fwp%2Fv2%2Fcomments&post=2659"}],"version-history":[{"count":1,"href":"https:\/\/pasaenmendoza.com\/index.php?rest_route=\/wp\/v2\/posts\/2659\/revisions"}],"predecessor-version":[{"id":2660,"href":"https:\/\/pasaenmendoza.com\/index.php?rest_route=\/wp\/v2\/posts\/2659\/revisions\/2660"}],"wp:featuredmedia":[{"embeddable":true,"href":"https:\/\/pasaenmendoza.com\/index.php?rest_route=\/wp\/v2\/media\/2584"}],"wp:attachment":[{"href":"https:\/\/pasaenmendoza.com\/index.php?rest_route=%2Fwp%2Fv2%2Fmedia&parent=2659"}],"wp:term":[{"taxonomy":"category","embeddable":true,"href":"https:\/\/pasaenmendoza.com\/index.php?rest_route=%2Fwp%2Fv2%2Fcategories&post=2659"},{"taxonomy":"post_tag","embeddable":true,"href":"https:\/\/pasaenmendoza.com\/index.php?rest_route=%2Fwp%2Fv2%2Ftags&post=2659"}],"curies":[{"name":"wp","href":"https:\/\/api.w.org\/{rel}","templated":true}]}}