{"id":2661,"date":"2023-11-01T13:08:42","date_gmt":"2023-11-01T12:08:42","guid":{"rendered":"https:\/\/pasaenmendoza.com\/?p=2661"},"modified":"2023-11-01T13:10:49","modified_gmt":"2023-11-01T12:10:49","slug":"sergio-massa-postergo-su-visita-a-mendoza-para-este-viernes-y-se-esperan-anuncios","status":"publish","type":"post","link":"https:\/\/pasaenmendoza.com\/?p=2661","title":{"rendered":"Sergio Massa posterg\u00f3 su visita a Mendoza para este viernes y se esperan anuncios"},"content":{"rendered":"\n<p>Desde su entorno se hab\u00eda anunciado la llegada de Sergio para este mi\u00e9rcoles. A\u00fan no trascendieron mayores detalles sobre su agenda, pero en principio estar\u00e1 en una bodega de Maip\u00fa<\/p>\n\n\n\n<p>El\u00a0ministro de Econom\u00eda y candidato a presidente,\u00a0<strong>Sergio Massa,<\/strong>\u00a0<strong>tiene previsto viajar a Mendoza este viernes<\/strong>, de acuerdo a los detalles que brindaron desde Uni\u00f3n por la Patria. En principio se habl\u00f3 de que ven\u00eda este mi\u00e9rcoles pero en horas de la tarde se posterg\u00f3 su viaje para el 3 de noviembre. As\u00ed\u00a0<strong>lo precis\u00f3 el intendente de Maip\u00fa, Mat\u00edas Stevanato.<\/strong><\/p>\n\n\n\n<p>A\u00fan no hay mayores detalles de su agenda, pero trascendi\u00f3 que ir\u00eda a una bodega en Maip\u00fa y que dar\u00e1 un mensaje relacionado con la industria tur\u00edstica. Adem\u00e1s, desde su entorno acompa\u00f1aron el anuncio con una frase de quien conduce el Palacio de Hacienda:&nbsp;<strong>&#8220;Quiero el fin de la grieta&#8221;.<\/strong><\/p>\n\n\n\n<p>De acuerdo a su agenda oficial,&nbsp;<strong>Massa retorna apenas dos semanas despu\u00e9s de su \u00faltimo paso&nbsp;<\/strong>por territorio mendocino, el pasado viernes 13 de octubre. Aquel d\u00eda comenzaba el \u00faltimo fin de semana antes de las&nbsp;<strong>elecciones&nbsp;<\/strong>y el ex intendente de Tigre visit\u00f3 San Rafael.<\/p>\n\n\n\n<p>Con un acto en el Centro de Congresos y Exposiciones de la comuna, comparti\u00f3 junto a la militancia y a todo el peronismo&nbsp;<strong>mendocino en unidad<\/strong>, como hac\u00eda mucho tiempo no se lo ve\u00eda. En aquella oportunidad estuvieron intendentes electos, salientes y legisladores del armado&nbsp;<strong>justicialista.<\/strong><\/p>\n\n\n\n<p>En esta oportunidad<strong>&nbsp;llega con un anuncio bajo el brazo;&nbsp;<\/strong>al menos eso es lo que comenz\u00f3 a rumorearse desde la ma\u00f1ana de este martes, cuando se dijo que Massa ten\u00eda pensado &#8220;muy&nbsp;<strong>probablemente&#8221; pasar por Mendoza en menos de 24 hora<\/strong>s y con definiciones en materia tur\u00edstica. Exactamente a las 10.46 lleg\u00f3 la&nbsp;<strong>confirmaci\u00f3n&nbsp;<\/strong>de parte de voceros oficiales de la coalici\u00f3n, quienes adem\u00e1s de corroborar el dato, agregaron el mencionado detalle en relaci\u00f3n al fin de las luchas pol\u00edticas y la perspectiva de&nbsp;<strong>Massa&nbsp;<\/strong>en ese sentido.<\/p>\n\n\n\n<p>&#8220;<strong>Quiero una Argentina en paz y con orden, con certezas y sin incertidumbre.&nbsp;<\/strong>Se viene una etapa de<strong>&nbsp;Gobierno de unidad nacional,&nbsp;<\/strong>sin entrar en reparto de cargos partidarios; sino para fortalecer la industria nacional y las pymes; con desarrollo federal, m\u00e1s coparticipaci\u00f3n y&nbsp;<strong>crecimiento de exportaciones de productos con valor agregado<\/strong>\u201d, fueron las palabras que habr\u00edan salido de boca de quien gan\u00f3 la primera vuelta electoral el pasado 22.<\/p>\n\n\n\n<p>Este mi\u00e9rcoles<strong>&nbsp;1 de noviembre se cumpl\u00eda<\/strong>&nbsp;<strong>un a\u00f1o de su primera visita como<\/strong>&nbsp;<strong>ministro.&nbsp;<\/strong>Aqu\u00e9l d\u00eda lleg\u00f3 a aportar ayudas del Estado nacional luego de las<strong>&nbsp;heladas tard\u00edas de 2022.<\/strong>&nbsp;&#8220;Estamos convencidos de que desde el 10 de diciembre llevar\u00e1 adelante un gobierno de unidad para el&nbsp;<strong>desarrollo humano, social y econ\u00f3mico de Argentina<\/strong>&#8220;, completaron desde Uni\u00f3n por la Patria. Aunque no brindaron m\u00e1s informaci\u00f3n que la referida anteriormente,<strong>&nbsp;Diario UNO&nbsp;<\/strong>pudo averiguar que tiene pensado visitar una bodega de Maip\u00fa, donde se reunir\u00eda con referentes locales.<\/p>\n\n\n\n<h2 class=\"wp-block-heading\">El peronismo y los massistas de Mendoza, unidos por la candidatura<\/h2>\n\n\n\n<p>A<strong>&nbsp;Sergio Massa le faltaron 350 mil votos para llegar a los 10 millones<\/strong>&nbsp;de sufragios a favor en los comicios del pasado 22 de octubre. Fueron 1.8 millones m\u00e1s que su perseguidor y rival en el balotaje, Javier Milei. En Mendoza, aunque los n\u00fameros fueron m\u00e1s favorables al libertario, Uni\u00f3n por la Patria logr\u00f3 un crecimiento en contraste con la elecci\u00f3n PASO e hizo sus mejores n\u00fameros en lo que va del a\u00f1o, contando tambi\u00e9n las provinciales.<\/p>\n\n\n\n<p>Detr\u00e1s de Massa,&nbsp;<strong>las rupturas y tensiones del PJ local<\/strong>&nbsp;-principal socio del frente que lleva al ministro a la segunda vuelta- comenzaron a&nbsp;<strong>disiparse<\/strong>. Con la candidatura del ex titular de Diputados, se acercaron referentes que se hab\u00edan alejado de la coalici\u00f3n para la votaci\u00f3n de autoridades provinciales, como&nbsp;<strong>el intendente de Lavalle Roberto Righi&nbsp;<\/strong>y otros nombres propios que hist\u00f3ricamente militaron con&nbsp;<strong>el PJ.<\/strong><\/p>\n\n\n\n<p>Incluso, de la mano de la diputada provincial electa&nbsp;<strong>Gabriela Lizana,<\/strong>&nbsp;se conform\u00f3 lo que se dio a conocer por estas semanas como la<strong>&nbsp;\u201cMesa Massista\u201d<\/strong>&nbsp;de la provincia, en la que abrevan dirigentes que no son peronistas, pero que respaldan al candidato y buscan su triunfo en noviembre: all\u00ed est\u00e1n, por ejemplo, el legislador<strong>&nbsp;Jorge Difonso,&nbsp;<\/strong>el jefe comunal \u2013por asumir- de San Carlos,<strong>&nbsp;Alejandro Morillas,<\/strong>&nbsp;y el saliente,&nbsp;<strong>Rolando Scanio,<\/strong>&nbsp;entre otros.<\/p>\n\n\n\n<p>A su vez,&nbsp;<strong>a esa remontada y unificaci\u00f3n del ex Frente de Todos,&nbsp;<\/strong>debe agreg\u00e1rsele una mayor participaci\u00f3n sindical, que se hab\u00eda visto diezmada en meses y a\u00f1os anteriores. La CGT, con la nueva conducci\u00f3n de&nbsp;<strong>Ricardo Letard y Luis M\u00e1rquez,&nbsp;<\/strong>mostr\u00f3 su acercamiento al peronismo y el frente con actos en conjunto como los que&nbsp;<strong>mantuvieron el pasado 18 de octubre,&nbsp;<\/strong>conmemorando el D\u00eda de la Lealtad, pero tambi\u00e9n sentando bases para los comicios que fueron cuatro d\u00edas despu\u00e9s.<\/p>\n\n\n\n<p><strong>Ese v\u00ednculo sigue aceitado y probablemente d\u00e9 otra muestra el pr\u00f3ximo viernes,&nbsp;<\/strong>cuando&nbsp;<strong>Massa&nbsp;<\/strong>arribe a la provincia. Es que hace horas se mostraron dirigentes gremiales de Smata. \u201cCompartimos con dirigentes de mutuales, quienes renovaron su compromiso de acompa\u00f1ar&nbsp;<strong>este modelo de pa\u00eds que Sergio propone,&nbsp;<\/strong>con la producci\u00f3n, industrias, pymes y m\u00e1s trabajo\u201d, coment\u00f3 Gabriela Lizana en su perfil de la red social X.<\/p>\n\n\n\n<p>FUENTE: Diariouno.com.ar<\/p>\n","protected":false},"excerpt":{"rendered":"<p>Desde su entorno se hab\u00eda anunciado la llegada de Sergio para este mi\u00e9rcoles. A\u00fan no trascendieron mayores detalles sobre su agenda, pero en principio estar\u00e1 en una bodega de Maip\u00fa El\u00a0ministro de Econom\u00eda y candidato a presidente,\u00a0Sergio Massa,\u00a0tiene previsto viajar a Mendoza este viernes, de acuerdo a los detalles que brindaron desde Uni\u00f3n por la [&hellip;]<\/p>\n","protected":false},"author":2,"featured_media":2574,"comment_status":"open","ping_status":"open","sticky":true,"template":"","format":"standard","meta":[],"categories":[47],"tags":[],"_links":{"self":[{"href":"https:\/\/pasaenmendoza.com\/index.php?rest_route=\/wp\/v2\/posts\/2661"}],"collection":[{"href":"https:\/\/pasaenmendoza.com\/index.php?rest_route=\/wp\/v2\/posts"}],"about":[{"href":"https:\/\/pasaenmendoza.com\/index.php?rest_route=\/wp\/v2\/types\/post"}],"author":[{"embeddable":true,"href":"https:\/\/pasaenmendoza.com\/index.php?rest_route=\/wp\/v2\/users\/2"}],"replies":[{"embeddable":true,"href":"https:\/\/pasaenmendoza.com\/index.php?rest_route=%2Fwp%2Fv2%2Fcomments&post=2661"}],"version-history":[{"count":2,"href":"https:\/\/pasaenmendoza.com\/index.php?rest_route=\/wp\/v2\/posts\/2661\/revisions"}],"predecessor-version":[{"id":2663,"href":"https:\/\/pasaenmendoza.com\/index.php?rest_route=\/wp\/v2\/posts\/2661\/revisions\/2663"}],"wp:featuredmedia":[{"embeddable":true,"href":"https:\/\/pasaenmendoza.com\/index.php?rest_route=\/wp\/v2\/media\/2574"}],"wp:attachment":[{"href":"https:\/\/pasaenmendoza.com\/index.php?rest_route=%2Fwp%2Fv2%2Fmedia&parent=2661"}],"wp:term":[{"taxonomy":"category","embeddable":true,"href":"https:\/\/pasaenmendoza.com\/index.php?rest_route=%2Fwp%2Fv2%2Fcategories&post=2661"},{"taxonomy":"post_tag","embeddable":true,"href":"https:\/\/pasaenmendoza.com\/index.php?rest_route=%2Fwp%2Fv2%2Ftags&post=2661"}],"curies":[{"name":"wp","href":"https:\/\/api.w.org\/{rel}","templated":true}]}}