{"id":2664,"date":"2023-11-01T14:04:26","date_gmt":"2023-11-01T13:04:26","guid":{"rendered":"https:\/\/pasaenmendoza.com\/?p=2664"},"modified":"2023-11-01T14:04:27","modified_gmt":"2023-11-01T13:04:27","slug":"el-pro-y-los-democratas-se-reunieron-para-armar-un-ejercito-fiscalizador-de-milei-en-mendoza","status":"publish","type":"post","link":"https:\/\/pasaenmendoza.com\/?p=2664","title":{"rendered":"El PRO y los dem\u00f3cratas se reunieron para armar un &#8220;ej\u00e9rcito fiscalizador&#8221; de Milei en Mendoza"},"content":{"rendered":"\n<p>Con el objetivo de ayudar en la fiscalizaci\u00f3n y que el balotaje lo gane<strong>\u00a0Javier Milei,<\/strong>\u00a0el PRO local y el\u00a0<strong>Partido Dem\u00f3crata<\/strong>\u00a0tuvieron sus primeras reuniones en los \u00faltimos d\u00edas. Fueron pedidos de los departamentos, m\u00e1s que de las c\u00fapulas provinciales, pero aseguran que hubo contactos hasta con Luis Petri para afinar la estrategia. Por primera vez, La Libertad Avanza tendr\u00eda\u00a0<strong>fiscales\u00a0<\/strong>en todas las mesas.<\/p>\n\n\n\n<p>En los comicios de agosto<strong>, los hombres y mujeres de Milei en la provincia se quejaron de haber sufrido un robo a mansalva de boletas<\/strong>. En la primera vuelta, s\u00f3lo diez d\u00edas atr\u00e1s, dijeron que ya no les llevaron tantas, pero que se las escondieron o directamente las destruyeron.<\/p>\n\n\n\n<p>Pensando en combatir ese supuesto ataque, y en consonancia con la uni\u00f3n nacional de\u00a0<strong>Mauricio Macri y Patricia Bullrich con su sector<\/strong>, en la provincia arman un verdadero ej\u00e9rcito conjunto de\u00a0<strong>fiscalizadores<\/strong>.<\/p>\n\n\n\n<p>Los encuentros fueron durante la semana pasada, pero tambi\u00e9n&nbsp;<strong>este s\u00e1bado y el lunes por la noche.&nbsp;<\/strong>De ellos participaron el presidente del Partido Dem\u00f3crata,&nbsp;<strong>Armando Magistretti,&nbsp;<\/strong>y la concejala de Ciudad, diputada electa&nbsp;<strong>y referente bullrichista Sol Salinas.<\/strong>&nbsp;Sin embargo, tambi\u00e9n hubo presencia de dirigentes comunales, como quien fuera candidato de Petri en San Mart\u00edn, Fabi\u00e1n Ferro.<\/p>\n\n\n\n<p>De parte del PRO explicaron que est\u00e1n siguiendo la l\u00ednea de lo que Macri viene<strong>&nbsp;manifestando de manera p\u00fablica desde la derrota de Bullrich:<\/strong>&nbsp;que el camino por el que han optado es el de respaldar al libertario. Asimismo, dijeron a&nbsp;<strong>Diario UNO&nbsp;<\/strong>que tambi\u00e9n tuvieron di\u00e1logo con Petri, quien desde el mi\u00e9rcoles pasado tambi\u00e9n qued\u00f3 comprometido a&nbsp;<strong>sumarle votos al economista.<\/strong><\/p>\n\n\n\n<p>El primero de esos encuentros fue la semana post elecciones y\u00a0<strong>en San Mart\u00edn. Estuvo Fabi\u00e1n Bello, presidente del PD sanmartiniano, y tambi\u00e9n Luis Belville,<\/strong>\u00a0que pertenece a espacios cercanos, seg\u00fan comentaron. A ellos se agreg\u00f3 la presencia de dos referentes del Partido Libertario en el este:<strong>\u00a0Facundo Blandini y Mat\u00edas Santaolalla.<\/strong>\u00a0Con todos, el entendimiento fue claro: ayudarse mutuamente para lograr un<strong>\u00a0triunfo de la coalici\u00f3n liberal.<\/strong><\/p>\n\n\n\n<h2 class=\"wp-block-heading\">Un ej\u00e9rcito de fiscales para Milei<\/h2>\n\n\n\n<p>Por primera vez, estiman en el PD,&nbsp;<strong>Javier Milei va a tener fiscales en todas las mesas de Mendoza.<\/strong>&nbsp;Al menos as\u00ed lo expresaron en di\u00e1logo con este medio: no lo tuvieron para el 13 de agosto y, aunque incorporaron m\u00e1s gente, tampoco para el pasado 22 de octubre. Ahora el plan es que haya&nbsp;<strong>un fiscal de mesa de La Libertad Avanza por cada una de las urnas mendocinas<\/strong>. Eso es exactamente&nbsp;<strong>4.357 mesas y, por lo tanto, misma cantidad de fiscales.<\/strong>&nbsp;Un ej\u00e9rcito, comparado con lo que tuvo Milei antes.<\/p>\n\n\n\n<p><strong>\u201cPor ahora son reuniones operativas, pero no descartamos que pueda llegar a haber algo&#8230; digamos m\u00e1s para la foto\u201d,&nbsp;<\/strong>confiaron desde ese departamento. Sin embargo, para el PRO la definici\u00f3n est\u00e1 tomada:<strong>&nbsp;\u201cNo. No habr\u00e1 actos&nbsp;<\/strong>ni ning\u00fan tipo de expresi\u00f3n en conjunto; es s\u00f3lo el compromiso de ayudarlos a fiscalizar porque queremos que gane<strong>&nbsp;Javier Milei,&nbsp;<\/strong>pero de ninguna forma salir a militar a la par. La campa\u00f1a es de ellos\u201d, puntualizaron.<\/p>\n\n\n\n<p>Otro dato importante de esta<strong>&nbsp;serie de reuniones<\/strong>&nbsp;es que habr\u00edan surgido \u201cde abajo hacia arriba\u201d. Es decir, desde las comunas hacia las c\u00fapulas partidarias locales. Cabe aclarar que&nbsp;<strong>Salinas<\/strong>&nbsp;y la vicegobernadora electa,<strong>&nbsp;Hebe Casado,&nbsp;<\/strong>son las dos grandes referentes del partido de Bullrich en la provincia y ambas se mostraron<strong>&nbsp;proclives a suscribir a un acuerdo con La Libertad Avanza<\/strong>.<\/p>\n\n\n\n<p><strong>\u201cFue el PD el que se comunic\u00f3 con nosotros, y como lo decimos,&nbsp;<\/strong>lo hicieron m\u00e1s que nada a trav\u00e9s de referentes departamentales; tanto de parte de ellos como de parte nuestra. En Las Heras lo hicieron con Iv\u00e1n Schultz, por ejemplo. Lo que m\u00e1s necesitan es reforzar fiscalizaci\u00f3n en los departamentos m\u00e1s grandes:&nbsp;<strong>Guaymall\u00e9n, Las Heras y San Mart\u00edn,<\/strong>&nbsp;nos dijeron. Tambi\u00e9n necesitan en&nbsp;<strong>Lavalle<\/strong>, de acuerdo a lo que hablamos\u201d, confiaron fuentes de las filas amarillas.<\/p>\n\n\n\n<p>\u201cVan a continuar las reuniones, aunque<strong>\u00a0todav\u00eda no tienen fecha.\u00a0<\/strong>El rival es el kirchnerismo disfrazado de Sergio Massa. Se est\u00e1 repitiendo\u00a0<strong>un escenario similar al 2015 y al 2019, cuando Mauricio Macri hizo una remontada\u00a0<\/strong>tan importante y casi gana. Pero fundamentalmente, esto se parece a la epopeya del 2015\u201d, dijo Armando Magistretti, presidente del Partido Dem\u00f3crata, confiado de que el v\u00ednculo sea para algo m\u00e1s que contar\u00a0<strong>votos<\/strong>.<\/p>\n\n\n\n<p><strong>Fuente: www.diariouno.com.ar<\/strong><\/p>\n","protected":false},"excerpt":{"rendered":"<p>Con el objetivo de ayudar en la fiscalizaci\u00f3n y que el balotaje lo gane\u00a0Javier Milei,\u00a0el PRO local y el\u00a0Partido Dem\u00f3crata\u00a0tuvieron sus primeras reuniones en los \u00faltimos d\u00edas. Fueron pedidos de los departamentos, m\u00e1s que de las c\u00fapulas provinciales, pero aseguran que hubo contactos hasta con Luis Petri para afinar la estrategia. Por primera vez, La [&hellip;]<\/p>\n","protected":false},"author":2,"featured_media":2672,"comment_status":"open","ping_status":"open","sticky":false,"template":"","format":"standard","meta":[],"categories":[47],"tags":[],"_links":{"self":[{"href":"https:\/\/pasaenmendoza.com\/index.php?rest_route=\/wp\/v2\/posts\/2664"}],"collection":[{"href":"https:\/\/pasaenmendoza.com\/index.php?rest_route=\/wp\/v2\/posts"}],"about":[{"href":"https:\/\/pasaenmendoza.com\/index.php?rest_route=\/wp\/v2\/types\/post"}],"author":[{"embeddable":true,"href":"https:\/\/pasaenmendoza.com\/index.php?rest_route=\/wp\/v2\/users\/2"}],"replies":[{"embeddable":true,"href":"https:\/\/pasaenmendoza.com\/index.php?rest_route=%2Fwp%2Fv2%2Fcomments&post=2664"}],"version-history":[{"count":1,"href":"https:\/\/pasaenmendoza.com\/index.php?rest_route=\/wp\/v2\/posts\/2664\/revisions"}],"predecessor-version":[{"id":2673,"href":"https:\/\/pasaenmendoza.com\/index.php?rest_route=\/wp\/v2\/posts\/2664\/revisions\/2673"}],"wp:featuredmedia":[{"embeddable":true,"href":"https:\/\/pasaenmendoza.com\/index.php?rest_route=\/wp\/v2\/media\/2672"}],"wp:attachment":[{"href":"https:\/\/pasaenmendoza.com\/index.php?rest_route=%2Fwp%2Fv2%2Fmedia&parent=2664"}],"wp:term":[{"taxonomy":"category","embeddable":true,"href":"https:\/\/pasaenmendoza.com\/index.php?rest_route=%2Fwp%2Fv2%2Fcategories&post=2664"},{"taxonomy":"post_tag","embeddable":true,"href":"https:\/\/pasaenmendoza.com\/index.php?rest_route=%2Fwp%2Fv2%2Ftags&post=2664"}],"curies":[{"name":"wp","href":"https:\/\/api.w.org\/{rel}","templated":true}]}}