{"id":2665,"date":"2023-11-01T13:54:44","date_gmt":"2023-11-01T12:54:44","guid":{"rendered":"https:\/\/pasaenmendoza.com\/?p=2665"},"modified":"2023-11-01T13:54:45","modified_gmt":"2023-11-01T12:54:45","slug":"miercoles-nublado-frio-y-con-probabilidad-de-lluvias","status":"publish","type":"post","link":"https:\/\/pasaenmendoza.com\/?p=2665","title":{"rendered":"Mi\u00e9rcoles nublado, fr\u00edo y con probabilidad de lluvias"},"content":{"rendered":"\n<p>Para este&nbsp;<strong>mi\u00e9rcoles 1 de noviembre<\/strong>, anticipan una jornada con cielo parcialmente nublado en la provincia de&nbsp;<strong>Mendoza<\/strong>. La&nbsp;<strong>temperatura m\u00e1xima<\/strong>&nbsp;llegar\u00e1 a 16\u00b0, mientras que la m\u00ednima fue de 8\u00b0.&nbsp;<\/p>\n\n\n\n<p>\u00a0Adem\u00e1s se espera la presencia de vientos moderados del sudeste, precipitaciones aisladas y nevadas en cordillera, seg\u00fan destaca\u00a0<strong>Contingencias Clim\u00e1ticas.\u00a0<\/strong><\/p>\n\n\n\n<p>Seg\u00fan el\u00a0<strong>pron\u00f3stico extendido<\/strong>, para el fin de semana llegar\u00eda un ascenso de la temperatura a Mendoza, con m\u00e1ximas que alcanzar\u00e1n los 28\u00b0.\u00a0<\/p>\n\n\n\n<p><strong>Pron\u00f3stico extendido<\/strong><\/p>\n\n\n\n<p>Para el\u00a0<strong>jueves 2 de noviembre<\/strong>, se espera un cielo parcialmente nublado con ascenso de la temperatura, vientos moderados del sudeste. Precipitaciones aisladas en las primeras horas. Nevadas en cordillera. M\u00e1xima de 17\u00baC, m\u00ednima de 7\u00baC.<\/p>\n\n\n\n<p>El&nbsp;<strong>viernes 3 de noviembre<\/strong>&nbsp;estar\u00e1 nublado con ascenso de la temperatura, vientos moderados del noreste. Heladas parciales. M\u00e1xima de 24\u00baC, m\u00ednima de 5\u00baC.<\/p>\n\n\n\n<p>Para el\u00a0<strong>s\u00e1bado 4 de noviembre<\/strong>\u00a0anticipan poca nubosidad con ascenso de la temperatura, vientos leves del noreste. M\u00e1xima de 28\u00baC, m\u00ednima de 8\u00baC.<\/p>\n\n\n\n<p><strong>Fuente: www.mendozapost.com<\/strong><\/p>\n","protected":false},"excerpt":{"rendered":"<p>Para este&nbsp;mi\u00e9rcoles 1 de noviembre, anticipan una jornada con cielo parcialmente nublado en la provincia de&nbsp;Mendoza. La&nbsp;temperatura m\u00e1xima&nbsp;llegar\u00e1 a 16\u00b0, mientras que la m\u00ednima fue de 8\u00b0.&nbsp; \u00a0Adem\u00e1s se espera la presencia de vientos moderados del sudeste, precipitaciones aisladas y nevadas en cordillera, seg\u00fan destaca\u00a0Contingencias Clim\u00e1ticas.\u00a0 Seg\u00fan el\u00a0pron\u00f3stico extendido, para el fin de semana llegar\u00eda [&hellip;]<\/p>\n","protected":false},"author":2,"featured_media":2666,"comment_status":"open","ping_status":"open","sticky":false,"template":"","format":"standard","meta":[],"categories":[52],"tags":[],"_links":{"self":[{"href":"https:\/\/pasaenmendoza.com\/index.php?rest_route=\/wp\/v2\/posts\/2665"}],"collection":[{"href":"https:\/\/pasaenmendoza.com\/index.php?rest_route=\/wp\/v2\/posts"}],"about":[{"href":"https:\/\/pasaenmendoza.com\/index.php?rest_route=\/wp\/v2\/types\/post"}],"author":[{"embeddable":true,"href":"https:\/\/pasaenmendoza.com\/index.php?rest_route=\/wp\/v2\/users\/2"}],"replies":[{"embeddable":true,"href":"https:\/\/pasaenmendoza.com\/index.php?rest_route=%2Fwp%2Fv2%2Fcomments&post=2665"}],"version-history":[{"count":1,"href":"https:\/\/pasaenmendoza.com\/index.php?rest_route=\/wp\/v2\/posts\/2665\/revisions"}],"predecessor-version":[{"id":2667,"href":"https:\/\/pasaenmendoza.com\/index.php?rest_route=\/wp\/v2\/posts\/2665\/revisions\/2667"}],"wp:featuredmedia":[{"embeddable":true,"href":"https:\/\/pasaenmendoza.com\/index.php?rest_route=\/wp\/v2\/media\/2666"}],"wp:attachment":[{"href":"https:\/\/pasaenmendoza.com\/index.php?rest_route=%2Fwp%2Fv2%2Fmedia&parent=2665"}],"wp:term":[{"taxonomy":"category","embeddable":true,"href":"https:\/\/pasaenmendoza.com\/index.php?rest_route=%2Fwp%2Fv2%2Fcategories&post=2665"},{"taxonomy":"post_tag","embeddable":true,"href":"https:\/\/pasaenmendoza.com\/index.php?rest_route=%2Fwp%2Fv2%2Ftags&post=2665"}],"curies":[{"name":"wp","href":"https:\/\/api.w.org\/{rel}","templated":true}]}}