{"id":2671,"date":"2023-11-01T14:07:26","date_gmt":"2023-11-01T13:07:26","guid":{"rendered":"https:\/\/pasaenmendoza.com\/?p=2671"},"modified":"2023-11-01T14:07:27","modified_gmt":"2023-11-01T13:07:27","slug":"una-banda-narco-el-financista-que-cayo-cinco-anos-despues-y-la-nueva-acusacion","status":"publish","type":"post","link":"https:\/\/pasaenmendoza.com\/?p=2671","title":{"rendered":"Una banda narco, el \u201cfinancista\u201d que cay\u00f3 cinco a\u00f1os despu\u00e9s y la nueva acusaci\u00f3n"},"content":{"rendered":"\n<p>Las&nbsp;<strong>escuchas telef\u00f3nicas<\/strong>&nbsp;entre narcos suelen transformarse en pruebas fundamentales en procesos de instrucci\u00f3n y debate orales federales y sirven en gran medida para determinar c\u00f3mo las bandas se mueven y planifican el tr\u00e1fico de sustancias il\u00edcitas por diferentes jurisdicciones del pa\u00eds. Toda la sumatoria de pruebas apunta a una misma direcci\u00f3n: esclarecer los hechos y mantener a los culpables tras las rejas.<\/p>\n\n\n\n<p>En el 2016,\u00a0<mark>la Gendarmer\u00eda Nacional desbarat\u00f3 una estructura delictiva internacional\u00a0<\/mark>dedicada al transporte a gran escala de marihuana luego de once meses de investigaci\u00f3n.\u00a0<strong>Sus integrantes cayeron en La Paz<\/strong>\u00a0mientras trasladaban, en un cami\u00f3n Mercedes Benz\u00a0<mark>332 paquetes envueltos con cinta que hicieron un peso de 317,891 kilogramos de esa droga<\/mark>, que ven\u00eda desde Paraguay, pas\u00f3 por varias provincias y ten\u00eda como destino final\u00a0<strong>Chile<\/strong>, donde el cargamento pod\u00eda cuadruplicar su valor.<\/p>\n\n\n\n<p><mark>Siete hombres llegaron a juicio dos a\u00f1os despu\u00e9s y la Justicia federal los conden\u00f3 a penas de entre 8 y 10 a\u00f1os de c\u00e1rcel el 20 de setiembre del 2020<\/mark>. En ese proceso oral se termin\u00f3 de confirmar que uno de los se\u00f1alados l\u00edderes del grupo era un plomero identificado como<strong>\u00a0Jos\u00e9 Luis Migoni<\/strong>\u00a0(49), conocido como\u00a0<strong>Gordo\u00a0<\/strong>o\u00a0<strong>Cocho\u00a0<\/strong>y con base en el barrio Montbrun Ocampo de Las Heras.<\/p>\n\n\n\n<p>Despu\u00e9s de m\u00e1s de cinco a\u00f1os, fue capturado en su domicilio en medio de otra pesquisa por narcomenudeo:&nbsp;<strong>ten\u00eda en su poder 140 dosis de coca\u00edna y un rev\u00f3lver calibre 38.<\/strong><\/p>\n\n\n\n<p>Este martes, Migoni iba a ser juzgado por el delito de transporte de estupefacientes agravado por la intervenci\u00f3n de organizada de tres o m\u00e1s personas, como sostiene el requerimiento de elevaci\u00f3n a juicio.<\/p>\n\n\n\n<p>Sin embargo, la fiscal\u00eda, representada por la auxiliar Mar\u00eda Eugenia Abihagle,<mark>&nbsp;ampli\u00f3 la acusaci\u00f3n para que responda como organizador o financista de la banda narco<\/mark>, arriesgando, de esta forma, una pena que prev\u00e9 de 8 a 20 a\u00f1os de c\u00e1rcel.<\/p>\n\n\n\n<p>Luego de la nueva acusaci\u00f3n del Ministerio P\u00fablico, el abogado de Migoni solicit\u00f3 la suspensi\u00f3n del proceso iniciado en el Tribunal Oral Federal N\u00ba2 para trabajar en una nueva defensa. Por fuentes judiciales, es probable que el debate contra este sujeto, quien fue marcado como parte activa en la banda que operaba en tres pa\u00edses y tres provincias \u2013<strong>Formosa, Misiones y Mendoza<\/strong>\u2013 se desarrolle la pr\u00f3xima semana.<\/p>\n\n\n\n<p>La reconstrucci\u00f3n sostiene que la banda comenz\u00f3 a ser investigada gracias al\u00a0<mark>secuestro de un tel\u00e9fono celular a un hombre identificado como Ernesto Rolando Vallejos<\/mark>, en Punta de Vacas en el 2015. Ese sujeto transportaba 44 kilos de marihuana en un Renault Clio. Los peritajes ordenados en el aparto de telefon\u00eda m\u00f3vil permitieron concluir que exist\u00eda una organizaci\u00f3n criminal dedicada la tr\u00e1fico de la droga hacia el vecino pa\u00eds.<\/p>\n\n\n\n<p>Se form\u00f3 una nueva causa y ordenaron intervenciones telef\u00f3nicas, trabajos de calle e inteligencia. En agosto del 2016, los gendarmes supieron que la banda iba a transportar un cargamento millonario en un cami\u00f3n Mercedes Benz que sali\u00f3 de Misiones.\u00a0<mark>Gran parte de los panes hab\u00edan sido cargados y ocultados en las ruedas del pesado rodado entre el 17 y el 18 de ese mes y deb\u00edan llegar a Mendoza<\/mark>\u00a0un par de d\u00edas despu\u00e9s.<\/p>\n\n\n\n<p><strong>Migoni<\/strong>\u00a0ven\u00eda siendo escuchado por los gendarmes, igual que a los otros integrantes de la banda. Una de las conversaciones registradas con un hombre de nacionalidad paraguaya sirvi\u00f3 como prueba para conocer c\u00f3mo organizaban el ocultamiento del estupefaciente en las ruedas del cami\u00f3n. Hablaban en c\u00f3digo pero, con el paso de las horas, los pesquisas lograron descifrar la idea que se encontraba en pleno desarrollo.<\/p>\n\n\n\n<p><em>\u201cAhora si quiere cargar lo que est\u00e1 con el caballito (cami\u00f3n) solo, puede cargar, pero no s\u00e9 si nos va a servir a todos, son 400 metros (kilos), vos fijate, habl\u00e1 con \u00e9l si quiere cargar, no hace falta que ni yo vaya, eso vos te pod\u00e9s manejar con \u00e9l, directamente a lo de mi vieja adonde vos quieras. Vos decile, mir\u00e1, si te anim\u00e1s a cargar eso con el caballito, dejalo en la cola (semirremolque) all\u00ed, mientras que ellos siguen laburando y te sirve, bueno, llevalo eso y yo te espero all\u00e1, vos and\u00e1, esperalo all\u00e1 si te dice que s\u00ed\u2026y eso lo llev\u00e1s directamente a lo de mi hermano y mi hermano te va a llevar a un lugar adecuado. Fijate y habla y confirmame, as\u00ed yo le doy el okey a Tom\u00e1s; se puede, claro como que no, si eso vos lo manej\u00e1s. Producto no nos falta, lo que nos falta un poco de dinero\u2026\u201d<\/em>;<strong>\u00a0a lo que Migoni manifiest\u00f3<\/strong>:\u00a0<em>\u201cPara ac\u00e1 se puede venir, derechito para ac\u00e1, dale, pap\u00e1, as\u00ed me gust\u00f3 m\u00e1s. Ahora lo llamo y te llamo a vos, que se venga completo, pero que se lo traiga en las cubiertas, en las ruedas de auxilio; yo le voy a decir que \u00e9l se lo traiga en las cubiertas\u201d.<\/em><\/p>\n\n\n\n<p>De esta forma, el 18 de agosto, el cami\u00f3n fue trasladado a Corrientes para incorporar una carga de madera. Luego parti\u00f3 hacia Mendoza. Las celdas iban captando que otros de los miembros de la organizaci\u00f3n&nbsp;<mark>\u2013Tom\u00e1s Ariel Villa, su padre, llamado igual, y Reinaldo Ram\u00f3n Romero\u2013<\/mark>&nbsp;se encontraban marcando punta en un Toyota Corolla.<\/p>\n\n\n\n<p>Finalmente, a las 2 del 20 de agosto, lleg\u00f3 hasta el control de La Paz el citado auto con los tres ocupantes. Les frenaron el paso y los aprehendieron. Una hora despu\u00e9s arrib\u00f3 el Mercedes Benz con semirremolque conducido por\u00a0<strong>Rogelio Flores<\/strong>\u00a0y acompa\u00f1ado por\u00a0<strong>Teobaldo Ra\u00fal Gatica<\/strong>. Luego de revisar el veh\u00edculo,\u00a0<mark>encontraron 332 paquetes de marihuana embalados en cinta de empaque, con un peso de 317,891 kilogramos<\/mark>. Una parte de del cargamento \u201327 ladrillos\u2013estaba en un bolso en la cabina.<\/p>\n\n\n\n<p>Con el paso de las horas, se realizaron allanamientos en las viviendas ubicadas en Guaymall\u00e9n de los otros financistas:<strong>&nbsp;Ram\u00f3n Alberto Orozco<\/strong>&nbsp;y&nbsp;<strong>Cristian Antonio Escobedo<\/strong>, apodado&nbsp;<em>Padrino<\/em>. Tambi\u00e9n, en el barrio Montbrun Ocampo de Las Heras, para atrapar al restante sospechoso de ser organizador,&nbsp;<strong>Jos\u00e9 Luis Migoni<\/strong>, pero no lo encontraron.<\/p>\n\n\n\n<p>El debate contra los detenidos en el\u00a0<strong>Arco Desaguadero<\/strong>\u00a0se desarroll\u00f3 en setiembre del 2018.\u00a0<mark>Varela y Escobedo fueron sentenciados a 10 a\u00f1os de c\u00e1rcel como coautores del transporte de estupefacientes en calidad de organizadores o financistas<\/mark>.<\/p>\n\n\n\n<p>Por su parte,<mark>&nbsp;Flores, Gatica, Tomas Ariel Villa, su padre y Reinaldo Romero<\/mark>&nbsp;fueron&nbsp;<mark>sentenciados a 8 a\u00f1os por transporte de drogas agravado por la participaci\u00f3n de tres o m\u00e1s personas.<\/mark><\/p>\n\n\n\n<p>El Gordo o Cocho estuvo m\u00e1s de cinco a\u00f1os pr\u00f3fugo. Tal como revel\u00f3 este diario, fue atrapado el 17 de febrero luego de una investigaci\u00f3n de la Polic\u00eda Federal por narcomenudeo.<\/p>\n\n\n\n<p>La\u00a0<strong>Divisi\u00f3n Unidad Operativa Federal de Mendoza\u00a0<\/strong>lo sorprendi\u00f3 en el mismo domicilio que hab\u00edan requisado a\u00f1os antes por la megacausa contra la banda internacional. Le secuestraron 140 ravioles de coca\u00edna, un rev\u00f3lver calibre 38 y dos tel\u00e9fonos celulares.<\/p>\n\n\n\n<p><strong>Fuente: www.elsol.com.ar<\/strong><\/p>\n","protected":false},"excerpt":{"rendered":"<p>Las&nbsp;escuchas telef\u00f3nicas&nbsp;entre narcos suelen transformarse en pruebas fundamentales en procesos de instrucci\u00f3n y debate orales federales y sirven en gran medida para determinar c\u00f3mo las bandas se mueven y planifican el tr\u00e1fico de sustancias il\u00edcitas por diferentes jurisdicciones del pa\u00eds. Toda la sumatoria de pruebas apunta a una misma direcci\u00f3n: esclarecer los hechos y mantener [&hellip;]<\/p>\n","protected":false},"author":2,"featured_media":2675,"comment_status":"open","ping_status":"open","sticky":false,"template":"","format":"standard","meta":[],"categories":[48],"tags":[],"_links":{"self":[{"href":"https:\/\/pasaenmendoza.com\/index.php?rest_route=\/wp\/v2\/posts\/2671"}],"collection":[{"href":"https:\/\/pasaenmendoza.com\/index.php?rest_route=\/wp\/v2\/posts"}],"about":[{"href":"https:\/\/pasaenmendoza.com\/index.php?rest_route=\/wp\/v2\/types\/post"}],"author":[{"embeddable":true,"href":"https:\/\/pasaenmendoza.com\/index.php?rest_route=\/wp\/v2\/users\/2"}],"replies":[{"embeddable":true,"href":"https:\/\/pasaenmendoza.com\/index.php?rest_route=%2Fwp%2Fv2%2Fcomments&post=2671"}],"version-history":[{"count":1,"href":"https:\/\/pasaenmendoza.com\/index.php?rest_route=\/wp\/v2\/posts\/2671\/revisions"}],"predecessor-version":[{"id":2676,"href":"https:\/\/pasaenmendoza.com\/index.php?rest_route=\/wp\/v2\/posts\/2671\/revisions\/2676"}],"wp:featuredmedia":[{"embeddable":true,"href":"https:\/\/pasaenmendoza.com\/index.php?rest_route=\/wp\/v2\/media\/2675"}],"wp:attachment":[{"href":"https:\/\/pasaenmendoza.com\/index.php?rest_route=%2Fwp%2Fv2%2Fmedia&parent=2671"}],"wp:term":[{"taxonomy":"category","embeddable":true,"href":"https:\/\/pasaenmendoza.com\/index.php?rest_route=%2Fwp%2Fv2%2Fcategories&post=2671"},{"taxonomy":"post_tag","embeddable":true,"href":"https:\/\/pasaenmendoza.com\/index.php?rest_route=%2Fwp%2Fv2%2Ftags&post=2671"}],"curies":[{"name":"wp","href":"https:\/\/api.w.org\/{rel}","templated":true}]}}