{"id":2700,"date":"2023-11-02T13:23:24","date_gmt":"2023-11-02T12:23:24","guid":{"rendered":"https:\/\/pasaenmendoza.com\/?p=2700"},"modified":"2023-11-02T13:23:25","modified_gmt":"2023-11-02T12:23:25","slug":"cuales-son-los-motivos-por-los-que-la-oposicion-busca-que-haya-balotaje-en-las-elecciones-de-mendoza","status":"publish","type":"post","link":"https:\/\/pasaenmendoza.com\/?p=2700","title":{"rendered":"Cu\u00e1les son los motivos por los que la oposici\u00f3n busca que haya balotaje en las elecciones de Mendoza"},"content":{"rendered":"\n<p>Gustavo Cairo, diputado provincial de La Uni\u00f3n Mendocina, dio detalles del proyecto de ley que present\u00f3 para tratar en comisiones.<\/p>\n\n\n\n<p>l diputado provincial de La Uni\u00f3n Mendocina\u00a0<strong>Gustavo Cairo<\/strong>\u00a0present\u00f3 un proyecto de Ley para que en Mendoza haya\u00a0<strong>balotaje\u00a0<\/strong>entre los candidatos\u00a0 m\u00e1s votados a gobernador, para lo cual habr\u00eda que realizar un cambio en la Constituci\u00f3n provincia.<\/p>\n\n\n\n<p>\u00a0<strong>Cairo\u00a0<\/strong>\u2013 que renovar\u00e1 su banca a partir de diciembre \u2013 cont\u00f3: \u201cYo lo hab\u00eda presentado hace varios a\u00f1os en el Senado y ayer era el \u00faltimo d\u00eda para presentar en\u00a0<strong>Diputados\u00a0<\/strong>proyectos para este per\u00edodo extraordinario. Me pareci\u00f3 bueno dejarlo presentado para la discusi\u00f3n\u201d.<\/p>\n\n\n\n<p>\u201cLa Constituci\u00f3n mendocina hace que el que saca un voto m\u00e1s, gana, m\u00e1s all\u00e1 que no sea elegido por la mayor\u00eda de los ciudadanos. El sistema de\u00a0<strong>balotaje\u00a0<\/strong>hace que entre las dos opciones m\u00e1s votadas se elija una\u201d, detall\u00f3 y asegur\u00f3: \u201cLe da un poco m\u00e1s de legitimidad a quien resulta electo\u201d.<\/p>\n\n\n\n<p>En\u00a0<em>Sonr\u00eda lo Estamos Filmando<\/em>, Cairo indic\u00f3 que \u201cMendoza es \u00fanica en el pa\u00eds, porque ya sea una reforma en la Constituci\u00f3n o la enmienda de un art\u00edculo, siempre la \u00faltima palabra la tienen los ciudadanos con el plebiscito\u201d.\u00a0Y reconoci\u00f3 que, ante el planteo de\u00a0<strong>balotaje\u00a0<\/strong>en la provincia, \u201csiempre ha estado en contra de este sistema el peronismo\u201d.<\/p>\n\n\n\n<p>\u201cYo plante\u00e9 el modelo tradicional de&nbsp;<strong>balotaje<\/strong>, que viene del derecho franc\u00e9s, que es el 50%\u201d, detall\u00f3: \u201cPero lo dejo abierto para la discusi\u00f3n en Comisiones de alguna otra posibilidad razonable. Llegar al menos al 45% de los votos y superar por 10 puntos al segundo puede ser una alternativa a considerar\u201d.<\/p>\n\n\n\n<h2 class=\"wp-block-heading\">Su postura de cara al balotaje del 19 de noviembre<\/h2>\n\n\n\n<p>\u201cYo he dicho p\u00fablicamente que vot\u00e9 a Patricia Bullrich, pero en esta segunda vuelta voy a votar a Javier Milei. Creo que la neutralidad no es neutra: el 36% de Massa pasa a ser un 50 y pico, le sobra para ganar\u201d, se\u00f1al\u00f3&nbsp;<strong>Cairo<\/strong>.<\/p>\n\n\n\n<p>\u201cEs una elecci\u00f3n muy importante para Argentina, se juegan los pr\u00f3ximos 20 a\u00f1os si llega a ganar Massa. Hoy el representante del cambio es Milei, claramente vamos a acompa\u00f1ar\u201d, insisti\u00f3.<\/p>\n\n\n\n<p>Y adelant\u00f3: \u201cEstamos viendo los legisladores del PRO de todos los espacios hacer una foto el lunes y un comunicado acompa\u00f1ando a Javier Milei\u201d.<\/p>\n\n\n\n<p>FUENTE: mdzonline.<\/p>\n","protected":false},"excerpt":{"rendered":"<p>Gustavo Cairo, diputado provincial de La Uni\u00f3n Mendocina, dio detalles del proyecto de ley que present\u00f3 para tratar en comisiones. l diputado provincial de La Uni\u00f3n Mendocina\u00a0Gustavo Cairo\u00a0present\u00f3 un proyecto de Ley para que en Mendoza haya\u00a0balotaje\u00a0entre los candidatos\u00a0 m\u00e1s votados a gobernador, para lo cual habr\u00eda que realizar un cambio en la Constituci\u00f3n provincia. [&hellip;]<\/p>\n","protected":false},"author":2,"featured_media":2701,"comment_status":"open","ping_status":"open","sticky":true,"template":"","format":"standard","meta":[],"categories":[47],"tags":[],"_links":{"self":[{"href":"https:\/\/pasaenmendoza.com\/index.php?rest_route=\/wp\/v2\/posts\/2700"}],"collection":[{"href":"https:\/\/pasaenmendoza.com\/index.php?rest_route=\/wp\/v2\/posts"}],"about":[{"href":"https:\/\/pasaenmendoza.com\/index.php?rest_route=\/wp\/v2\/types\/post"}],"author":[{"embeddable":true,"href":"https:\/\/pasaenmendoza.com\/index.php?rest_route=\/wp\/v2\/users\/2"}],"replies":[{"embeddable":true,"href":"https:\/\/pasaenmendoza.com\/index.php?rest_route=%2Fwp%2Fv2%2Fcomments&post=2700"}],"version-history":[{"count":1,"href":"https:\/\/pasaenmendoza.com\/index.php?rest_route=\/wp\/v2\/posts\/2700\/revisions"}],"predecessor-version":[{"id":2702,"href":"https:\/\/pasaenmendoza.com\/index.php?rest_route=\/wp\/v2\/posts\/2700\/revisions\/2702"}],"wp:featuredmedia":[{"embeddable":true,"href":"https:\/\/pasaenmendoza.com\/index.php?rest_route=\/wp\/v2\/media\/2701"}],"wp:attachment":[{"href":"https:\/\/pasaenmendoza.com\/index.php?rest_route=%2Fwp%2Fv2%2Fmedia&parent=2700"}],"wp:term":[{"taxonomy":"category","embeddable":true,"href":"https:\/\/pasaenmendoza.com\/index.php?rest_route=%2Fwp%2Fv2%2Fcategories&post=2700"},{"taxonomy":"post_tag","embeddable":true,"href":"https:\/\/pasaenmendoza.com\/index.php?rest_route=%2Fwp%2Fv2%2Ftags&post=2700"}],"curies":[{"name":"wp","href":"https:\/\/api.w.org\/{rel}","templated":true}]}}