{"id":2703,"date":"2023-11-02T13:38:35","date_gmt":"2023-11-02T12:38:35","guid":{"rendered":"https:\/\/pasaenmendoza.com\/?p=2703"},"modified":"2023-11-02T13:38:36","modified_gmt":"2023-11-02T12:38:36","slug":"las-heras-las-cosas-de-las-que-janina-ortiz-nunca-se-entero","status":"publish","type":"post","link":"https:\/\/pasaenmendoza.com\/?p=2703","title":{"rendered":"Las Heras: las cosas de las que Janina Ortiz nunca se enter\u00f3"},"content":{"rendered":"\n<p>&#8211;&nbsp;<strong>Daniel Orozco<\/strong>&nbsp;es hasta el 10 de diciembre intendente de Las Heras y, como tal, responsable pol\u00edtico de todo lo que sucede en su municipio.<\/p>\n\n\n\n<p>&#8211; Su esposa,\u00a0<strong>Janina Ortiz<\/strong>, es secretaria de Gobierno del municipio. En la estructura organizativa est\u00e1 inmediatamente por debajo del intendente y, por ende, depende jer\u00e1rquicamente de Daniel Orozco.<\/p>\n\n\n\n<p>&#8211;&nbsp;<strong>Osvaldo Oyhenart<\/strong>&nbsp;es subsecretario de Pol\u00edticas Sociales y depende directamente de Janina Ortiz.<\/p>\n\n\n\n<p>&#8211;&nbsp;<strong>Juan Pablo Pandolfi<\/strong>&nbsp;es yerno de Oyhenart.<\/p>\n\n\n\n<p>La\u00a0nota period\u00edstica de Ricardo Montacuto en Mendoza Post\u00a0explic\u00f3 con detalle una trama de sexo, corrupci\u00f3n y fraude al Estado. Comenz\u00f3 con un audio donde el mismo\u00a0<strong>Oyhenart le ofrece a una empleada municipal<\/strong>, camino a un hotel alojamiento,\u00a0<strong>cobrar sin trabajar en cooperativas que \u00e9l manejaba.<\/strong><\/p>\n\n\n\n<p>Una de las cooperativas, que dependen de la Subsecretar\u00eda de Oyhenart, es\u00a0<strong>Manos a la Obra<\/strong>. En dicha cooperativa opera como apoderado y administrador su yerno,\u00a0<strong>Pandolfi<\/strong>.<\/p>\n\n\n\n<p>Despu\u00e9s de la autoincriminaci\u00f3n del se\u00f1or Oyhenart, se inici\u00f3 una investigaci\u00f3n judicial de la cual resultaron imputados por<strong>\u00a0fraude al Estado\u00a0<\/strong>Oyhenart, Pandolfi y el presidente de la cooperativa, el se\u00f1or Adri\u00e1n &#8220;Moco&#8221; P\u00e9rez, quien declar\u00f3 ser &#8220;changar\u00edn&#8221; de oficio, aunque despu\u00e9s se supo que trabajaba como puntero pol\u00edtico en el municipio.<\/p>\n\n\n\n<p><strong>Esa cooperativa factur\u00f3 al municipio 38 millones de pesos<\/strong>&nbsp;y la Fiscal\u00eda tiene serios indicios de que podr\u00eda haber fraude porque los presuntos servicios<strong>&nbsp;no se habr\u00edan certificado correctamente o, directamente, no se habr\u00edan prestado.<\/strong>&nbsp;Adem\u00e1s, se investig\u00f3 la ruta del dinero de los pagos hechos por la cooperativa, lo que tambi\u00e9n agrega indicios y m\u00e1s sospechas de fraude sobre los imputados.<\/p>\n\n\n\n<p>El Instituto Nacional de Asociativismos y Econom\u00eda Social (<strong>INAES<\/strong>), un \u00f3rgano del gobierno nacional encargado de controlar a las cooperativas del pa\u00eds, envi\u00f3 inspectores profesionales a Mendoza que informaron que&nbsp;<strong>no les hab\u00eda resultado posible detectar siquiera la existencia de Manos a la Obra<\/strong>, y mucho menos las actividades que cumplir\u00eda. De all\u00ed surgi\u00f3 el apodo de<strong>&nbsp;&#8220;cooperativa fantasma&#8221;.<\/strong><\/p>\n\n\n\n<p>Janina Ortiz, preocupada posiblemente por su futuro como diputada provincial,\u00a0ensay\u00f3 hoy una defensa en conferencia de prensa, donde termin\u00f3 d\u00e1ndole validez\u00a0al audio de Oyhenart y se tom\u00f3 de una frase de \u00e9l, en la que el ahora imputado dice que tiene &#8220;un as en la manga que Janina no controla&#8221;, en referencia a la cooperativa fantasma. Janina deduce su inocencia afirmando que &#8220;<strong>ac\u00e1 se dice que es algo que yo no controlo. El audio dec\u00eda que yo no me iba a dar cuenta de la irregularidad&#8221;.<\/strong><\/p>\n\n\n\n<p>Pobre defensa frente al tama\u00f1o del problema<\/p>\n\n\n\n<p>Es una defensa pobre porque, en primer lugar,\u00a0<strong>Oyhenart sigue siendo\u00a0 el segundo de Janina Ortiz en el municipio<\/strong>. \u00bfC\u00f3mo explicar que un funcionario con un cargo pol\u00edtico imputado por fraude y que reconoce que la enga\u00f1\u00f3, sigue en su puesto? El principio de inocencia ante la justicia penal no tiene nada que ver con el asunto.\u00a0<\/p>\n\n\n\n<p>Por supuesto que Oyhenart seguir\u00e1 siendo inocente hasta que se prueben o no los cargos por los que se lo investiga. Pero en absoluto esto significa que Janina Ortiz deba mantenerlo como su segundo en un puesto eminentemente pol\u00edtico y donde sigue administrando los asuntos por los cuales est\u00e1 imputado.&nbsp;<\/p>\n\n\n\n<p><strong>La responsabilidad administrativa, funcional y pol\u00edtica de Ortiz es obvia y evidente.<\/strong><\/p>\n\n\n\n<p>En segundo lugar, Ortiz adujo en su defensa que al momento de firmar la adjudicaci\u00f3n a la &#8220;cooperativa fantasma&#8221; no ten\u00eda ning\u00fan informe con irregularidades. Pero lo cierto es que\u00a0<strong>luego de la adjudicaci\u00f3n pasaron muchos meses, mucho dinero y muchas facturas<\/strong>\u00a0por servicios que fueron pagados por el municipio.<\/p>\n\n\n\n<p>Es al menos&nbsp;<strong>extra\u00f1o que en ning\u00fan momento la responsable y jefa directa de Oyhenart haya conocido los problemas<\/strong>. Si la justicia no demostrara su responsabilidad penal directa en el fraude, se tratar\u00eda en todo caso de caso de una<strong>&nbsp;incapacidad manifiesta para controlar los asuntos espec\u00edficos para los cuales estaba designada<\/strong>.&nbsp;<\/p>\n\n\n\n<p><strong>A Janina Ortiz &#8220;se le pas\u00f3&#8221; un peque\u00f1o problema de 38 millones de pesos\u00a0<\/strong>en una cooperativa fantasma.<\/p>\n\n\n\n<p>Hay m\u00e1s. Un extra\u00f1\u00edsimo relato invocando su inocencia en una causa por coacci\u00f3n, donde entre otros dislates acusa de prostituta a una empleada municipal.<\/p>\n\n\n\n<p>La lenta justicia mendocina reci\u00e9n empieza a investigar.&nbsp;<strong>Hay 19 cooperativas creadas en 2019<\/strong>, a\u00f1o en el que Janina Ortiz fue designada secretaria de Gobierno, que podr\u00edan estar en condiciones iguales o peores que Manos a la Obra. Habr\u00e1 que ver las responsabilidades penales en cada una de ellas.<\/p>\n\n\n\n<p>Seg\u00fan su planteo,<strong>\u00a0 sea lo que fuere que ocurri\u00f3, Janina Ortiz nunca se enter\u00f3.<\/strong><\/p>\n\n\n\n<p>FUENTE: mendozapost.<\/p>\n\n\n\n<p><\/p>\n","protected":false},"excerpt":{"rendered":"<p>&#8211;&nbsp;Daniel Orozco&nbsp;es hasta el 10 de diciembre intendente de Las Heras y, como tal, responsable pol\u00edtico de todo lo que sucede en su municipio. &#8211; Su esposa,\u00a0Janina Ortiz, es secretaria de Gobierno del municipio. En la estructura organizativa est\u00e1 inmediatamente por debajo del intendente y, por ende, depende jer\u00e1rquicamente de Daniel Orozco. &#8211;&nbsp;Osvaldo Oyhenart&nbsp;es subsecretario [&hellip;]<\/p>\n","protected":false},"author":2,"featured_media":2704,"comment_status":"open","ping_status":"open","sticky":true,"template":"","format":"standard","meta":[],"categories":[47],"tags":[],"_links":{"self":[{"href":"https:\/\/pasaenmendoza.com\/index.php?rest_route=\/wp\/v2\/posts\/2703"}],"collection":[{"href":"https:\/\/pasaenmendoza.com\/index.php?rest_route=\/wp\/v2\/posts"}],"about":[{"href":"https:\/\/pasaenmendoza.com\/index.php?rest_route=\/wp\/v2\/types\/post"}],"author":[{"embeddable":true,"href":"https:\/\/pasaenmendoza.com\/index.php?rest_route=\/wp\/v2\/users\/2"}],"replies":[{"embeddable":true,"href":"https:\/\/pasaenmendoza.com\/index.php?rest_route=%2Fwp%2Fv2%2Fcomments&post=2703"}],"version-history":[{"count":1,"href":"https:\/\/pasaenmendoza.com\/index.php?rest_route=\/wp\/v2\/posts\/2703\/revisions"}],"predecessor-version":[{"id":2705,"href":"https:\/\/pasaenmendoza.com\/index.php?rest_route=\/wp\/v2\/posts\/2703\/revisions\/2705"}],"wp:featuredmedia":[{"embeddable":true,"href":"https:\/\/pasaenmendoza.com\/index.php?rest_route=\/wp\/v2\/media\/2704"}],"wp:attachment":[{"href":"https:\/\/pasaenmendoza.com\/index.php?rest_route=%2Fwp%2Fv2%2Fmedia&parent=2703"}],"wp:term":[{"taxonomy":"category","embeddable":true,"href":"https:\/\/pasaenmendoza.com\/index.php?rest_route=%2Fwp%2Fv2%2Fcategories&post=2703"},{"taxonomy":"post_tag","embeddable":true,"href":"https:\/\/pasaenmendoza.com\/index.php?rest_route=%2Fwp%2Fv2%2Ftags&post=2703"}],"curies":[{"name":"wp","href":"https:\/\/api.w.org\/{rel}","templated":true}]}}