{"id":2706,"date":"2023-11-02T13:47:50","date_gmt":"2023-11-02T12:47:50","guid":{"rendered":"https:\/\/pasaenmendoza.com\/?p=2706"},"modified":"2023-11-02T13:47:51","modified_gmt":"2023-11-02T12:47:51","slug":"pronostico-en-mendoza-muy-frio-con-precipitaciones-y-nevadas-en-cordillera","status":"publish","type":"post","link":"https:\/\/pasaenmendoza.com\/?p=2706","title":{"rendered":"Pron\u00f3stico en Mendoza: muy fr\u00edo, con precipitaciones y nevadas en cordillera"},"content":{"rendered":"\n<p>Este&nbsp;<strong>jueves<\/strong>&nbsp;se presenta en el Gran Mendoza con cielo parcialmente nublado y fr\u00edo, con poco cambio de la temperatura,&nbsp;<mark>que oscilar\u00e1 entre los 7 y los 13 grados.<\/mark>&nbsp;Adem\u00e1s, a&nbsp;<strong>Direcci\u00f3n de Contingencias Clim\u00e1ticas&nbsp;<\/strong>pronostica vientos moderados del sudeste, precipitaciones aisladas en las primeras horas de la jornada y nevadas en cordillera.<\/p>\n\n\n\n<p>En tanto, para el<strong>\u00a0viernes<\/strong>\u00a0se prev\u00e9 una mejora en las condiciones meteorol\u00f3gicas. \u201cPoca nubosidad con ascenso de la temperatura, vientos moderados del noreste. Heladas parciales\u201d, destaca el parte del organismo provincial.\u00a0<mark>La m\u00ednima ser\u00e1 de 5 grados y la m\u00e1xima de 24.<\/mark><\/p>\n\n\n\n<p>Mientras que el\u00a0<strong>s\u00e1bado<\/strong>\u00a0estar\u00e1 con poca nubosidad y ascender\u00e1 la temperatura:\u00a0<mark>la m\u00ednima ser\u00e1 de 8 grados y la m\u00e1xima de 28.<\/mark><\/p>\n\n\n\n<p><strong>La situaci\u00f3n en alta monta\u00f1a<\/strong><\/p>\n\n\n\n<p>El&nbsp;<strong>Sistema Integrado Cristo Redentor<\/strong>&nbsp;se encuentra&nbsp;<mark>cerrado<\/mark>&nbsp;por mal tiempo en alta monta\u00f1a. Se prev\u00e9 que el viernes se abra el corredor para todo tipo de veh\u00edculos.<\/p>\n\n\n\n<p>De acuerdo con la informaci\u00f3n oficial, cerca de diez mil chilenos se encuentran varados, aguardando la reapertura.<\/p>\n\n\n\n<p>El\u00a0<strong>paso Pehuenche<\/strong>\u00a0est\u00e1 intransitable por tiempo indeterminado.<\/p>\n\n\n\n<p><strong>Fuente: www.elsol.com.ar<\/strong><\/p>\n","protected":false},"excerpt":{"rendered":"<p>Este&nbsp;jueves&nbsp;se presenta en el Gran Mendoza con cielo parcialmente nublado y fr\u00edo, con poco cambio de la temperatura,&nbsp;que oscilar\u00e1 entre los 7 y los 13 grados.&nbsp;Adem\u00e1s, a&nbsp;Direcci\u00f3n de Contingencias Clim\u00e1ticas&nbsp;pronostica vientos moderados del sudeste, precipitaciones aisladas en las primeras horas de la jornada y nevadas en cordillera. En tanto, para el\u00a0viernes\u00a0se prev\u00e9 una mejora en [&hellip;]<\/p>\n","protected":false},"author":2,"featured_media":2707,"comment_status":"open","ping_status":"open","sticky":false,"template":"","format":"standard","meta":[],"categories":[52],"tags":[],"_links":{"self":[{"href":"https:\/\/pasaenmendoza.com\/index.php?rest_route=\/wp\/v2\/posts\/2706"}],"collection":[{"href":"https:\/\/pasaenmendoza.com\/index.php?rest_route=\/wp\/v2\/posts"}],"about":[{"href":"https:\/\/pasaenmendoza.com\/index.php?rest_route=\/wp\/v2\/types\/post"}],"author":[{"embeddable":true,"href":"https:\/\/pasaenmendoza.com\/index.php?rest_route=\/wp\/v2\/users\/2"}],"replies":[{"embeddable":true,"href":"https:\/\/pasaenmendoza.com\/index.php?rest_route=%2Fwp%2Fv2%2Fcomments&post=2706"}],"version-history":[{"count":1,"href":"https:\/\/pasaenmendoza.com\/index.php?rest_route=\/wp\/v2\/posts\/2706\/revisions"}],"predecessor-version":[{"id":2708,"href":"https:\/\/pasaenmendoza.com\/index.php?rest_route=\/wp\/v2\/posts\/2706\/revisions\/2708"}],"wp:featuredmedia":[{"embeddable":true,"href":"https:\/\/pasaenmendoza.com\/index.php?rest_route=\/wp\/v2\/media\/2707"}],"wp:attachment":[{"href":"https:\/\/pasaenmendoza.com\/index.php?rest_route=%2Fwp%2Fv2%2Fmedia&parent=2706"}],"wp:term":[{"taxonomy":"category","embeddable":true,"href":"https:\/\/pasaenmendoza.com\/index.php?rest_route=%2Fwp%2Fv2%2Fcategories&post=2706"},{"taxonomy":"post_tag","embeddable":true,"href":"https:\/\/pasaenmendoza.com\/index.php?rest_route=%2Fwp%2Fv2%2Ftags&post=2706"}],"curies":[{"name":"wp","href":"https:\/\/api.w.org\/{rel}","templated":true}]}}