{"id":2720,"date":"2023-11-02T14:19:41","date_gmt":"2023-11-02T13:19:41","guid":{"rendered":"https:\/\/pasaenmendoza.com\/?p=2720"},"modified":"2023-11-02T14:19:42","modified_gmt":"2023-11-02T13:19:42","slug":"anses-prorrogan-por-dos-anos-la-jubilacion-anticipada-para-quienes-tengan-los-anos-de-aportes","status":"publish","type":"post","link":"https:\/\/pasaenmendoza.com\/?p=2720","title":{"rendered":"ANSES: Prorrogan por dos a\u00f1os la jubilaci\u00f3n anticipada para quienes tengan los a\u00f1os de aportes"},"content":{"rendered":"\n<p>El ministro de Econom\u00eda y candidato presidencial de Uni\u00f3n por la Patria,\u00a0<strong>Sergio Massa, y la directora ejecutiva de la Administraci\u00f3n Nacional de la Seguridad Social (ANSES), Fernanda Raverta, anunciaron una pr\u00f3rroga por dos a\u00f1os para acceder a la\u00a0jubilaci\u00f3n anticipada.<\/strong><\/p>\n\n\n\n<p>La medida, que fue implementada en octubre de 2021 mediante el Decreto 674 y venci\u00f3 el pasado 30 de septiembre,&nbsp;<strong>apunta a que aquellas personas que tengan 30 a\u00f1os de aportes, pero a\u00fan est\u00e1n a cinco a\u00f1os de cumplir con la edad jubilatoria, puedan acceder de manera anticipada a la jubilaci\u00f3n.<\/strong><\/p>\n\n\n\n<p>&#8220;En un momento muy particular de la Argentina,\u00a0<strong>en el que algunos pretenden volver al sistema de AFJP<\/strong>\u00a0-que hab\u00eda bajado la cobertura del sistema jubilatorio argentino a menos del 60 por ciento de la poblaci\u00f3n adulta mayor-, es muy importante que con cuentas ordenadas y con un sistema de Seguridad Social recaudando a pleno\u00a0<strong>tengamos la capacidad de proteger a aquellos sectores de la poblaci\u00f3n que necesitan del cuidado y de la protecci\u00f3n del Estado<\/strong>\u00a0cuando entran en situaci\u00f3n de vulnerabilidad&#8221;, expres\u00f3 Massa.<\/p>\n\n\n\n<p>A su vez, Raverta indic\u00f3: &#8220;Ya est\u00e1n disponibles los&nbsp;<strong>turnos para que puedan acercarse a nuestras oficinas<\/strong>&nbsp;y hacer el tr\u00e1mite de jubilaci\u00f3n. Esperamos que haya&nbsp;<strong>m\u00e1s de 20 mil personas<\/strong>&nbsp;que puedan acceder a esta nueva prestaci\u00f3n&#8221;.<\/p>\n\n\n\n<h2 class=\"wp-block-heading\">Qu\u00e9 es y c\u00f3mo funciona la jubilaci\u00f3n anticipada<\/h2>\n\n\n\n<p>La Administraci\u00f3n Nacional de la Seguridad Social (ANSES)&nbsp;<strong>permite, desde marzo de 2023, tramitar una jubilaci\u00f3n anticipada a partir de los 55 a\u00f1os.<\/strong><\/p>\n\n\n\n<p><strong>La jubilaci\u00f3n anticipada garantiza el 80% del haber jubilatorio que a una persona le corresponder\u00eda percibir cuando alcance la edad para jubilarse (mujeres 60 a\u00f1os y hombres 65 a\u00f1os).<\/strong><\/p>\n\n\n\n<p><strong>Al llegar a esa edad, la persona comenzar\u00e1 a cobrar el 100% del haber jubilatorio de manera autom\u00e1tica.<\/strong><\/p>\n\n\n\n<h2 class=\"wp-block-heading\">Jubilaci\u00f3n anticipada: \u00bfqui\u00e9nes pueden acceder?<\/h2>\n\n\n\n<p>La<strong>&nbsp;jubilaci\u00f3n anticipada<\/strong>&nbsp;est\u00e1 destinada a personas que cuenten con 30 a\u00f1os de aportes, le falten hasta 5 a\u00f1os para jubilarse y que estuvieran desempleadas al 30 de junio de 2021.<\/p>\n\n\n\n<p>El organismo aclara tambi\u00e9n que la jubilaci\u00f3n anticipada&nbsp;<strong>es incompatible con el trabajo en relaci\u00f3n de dependencia o aut\u00f3nomo y con otros planes sociales o beneficios previsionales<\/strong>.<\/p>\n\n\n\n<h2 class=\"wp-block-heading\">Jubilaci\u00f3n anticipada: los requisitos<\/h2>\n\n\n\n<p>Los requisitos para acceder a la jubilaci\u00f3n anticipada son:<\/p>\n\n\n\n<ul>\n<li>Tener hasta 5 a\u00f1os menos de la edad requerida para jubilarte (en el caso de los hombres entre 60 y 64 a\u00f1os y las mujeres entre 55 y 59 a\u00f1os).<\/li>\n\n\n\n<li>Contar con 30 a\u00f1os de aportes registrados.<\/li>\n\n\n\n<li>Encontrarse desocupada\/o al 30 de junio de 2021.<\/li>\n<\/ul>\n\n\n\n<h2 class=\"wp-block-heading\">Jubilaci\u00f3n anticipada: \u00bfc\u00f3mo es el tr\u00e1mite para obtenerla?<\/h2>\n\n\n\n<p>-Sacar un turno en la web de ANSES.<\/p>\n\n\n\n<p>-Presentarse en la oficina de ANSES el d\u00eda y hora de tu turno con la documentaci\u00f3n requerida.<\/p>\n\n\n\n<p>-No pueden acceder a este beneficio quienes:<\/p>\n\n\n\n<ul>\n<li>Trabajen en relaci\u00f3n de dependencia o cuenta propia.<\/li>\n\n\n\n<li>Beneficiarios de planes sociales, pensiones graciables o no contributivas.<\/li>\n\n\n\n<li>Quienes ya perciban un haber de jubilado, de pensi\u00f3n o retiro civil o militar.<\/li>\n<\/ul>\n\n\n\n<p><strong>Fuente: www.diariouno.com.ar<\/strong><\/p>\n","protected":false},"excerpt":{"rendered":"<p>El ministro de Econom\u00eda y candidato presidencial de Uni\u00f3n por la Patria,\u00a0Sergio Massa, y la directora ejecutiva de la Administraci\u00f3n Nacional de la Seguridad Social (ANSES), Fernanda Raverta, anunciaron una pr\u00f3rroga por dos a\u00f1os para acceder a la\u00a0jubilaci\u00f3n anticipada. La medida, que fue implementada en octubre de 2021 mediante el Decreto 674 y venci\u00f3 el [&hellip;]<\/p>\n","protected":false},"author":2,"featured_media":2722,"comment_status":"open","ping_status":"open","sticky":false,"template":"","format":"standard","meta":[],"categories":[57],"tags":[],"_links":{"self":[{"href":"https:\/\/pasaenmendoza.com\/index.php?rest_route=\/wp\/v2\/posts\/2720"}],"collection":[{"href":"https:\/\/pasaenmendoza.com\/index.php?rest_route=\/wp\/v2\/posts"}],"about":[{"href":"https:\/\/pasaenmendoza.com\/index.php?rest_route=\/wp\/v2\/types\/post"}],"author":[{"embeddable":true,"href":"https:\/\/pasaenmendoza.com\/index.php?rest_route=\/wp\/v2\/users\/2"}],"replies":[{"embeddable":true,"href":"https:\/\/pasaenmendoza.com\/index.php?rest_route=%2Fwp%2Fv2%2Fcomments&post=2720"}],"version-history":[{"count":1,"href":"https:\/\/pasaenmendoza.com\/index.php?rest_route=\/wp\/v2\/posts\/2720\/revisions"}],"predecessor-version":[{"id":2723,"href":"https:\/\/pasaenmendoza.com\/index.php?rest_route=\/wp\/v2\/posts\/2720\/revisions\/2723"}],"wp:featuredmedia":[{"embeddable":true,"href":"https:\/\/pasaenmendoza.com\/index.php?rest_route=\/wp\/v2\/media\/2722"}],"wp:attachment":[{"href":"https:\/\/pasaenmendoza.com\/index.php?rest_route=%2Fwp%2Fv2%2Fmedia&parent=2720"}],"wp:term":[{"taxonomy":"category","embeddable":true,"href":"https:\/\/pasaenmendoza.com\/index.php?rest_route=%2Fwp%2Fv2%2Fcategories&post=2720"},{"taxonomy":"post_tag","embeddable":true,"href":"https:\/\/pasaenmendoza.com\/index.php?rest_route=%2Fwp%2Fv2%2Ftags&post=2720"}],"curies":[{"name":"wp","href":"https:\/\/api.w.org\/{rel}","templated":true}]}}