{"id":2730,"date":"2023-11-02T14:41:56","date_gmt":"2023-11-02T13:41:56","guid":{"rendered":"https:\/\/pasaenmendoza.com\/?p=2730"},"modified":"2023-11-02T14:41:57","modified_gmt":"2023-11-02T13:41:57","slug":"este-es-el-reglamento-para-elegir-abanderados-y-escoltas-del-nivel-primario","status":"publish","type":"post","link":"https:\/\/pasaenmendoza.com\/?p=2730","title":{"rendered":"Este es el reglamento para elegir abanderados y escoltas del nivel primario"},"content":{"rendered":"\n<p>A trav\u00e9s de la&nbsp;<strong>resoluci\u00f3n 7389<\/strong>, publicada este jueves en el Bolet\u00edn Oficial, la&nbsp;<strong>Direcci\u00f3n General de Escuelas (DGE)&nbsp;<\/strong>brind\u00f3 detalles del reglamento por el cual se elegir\u00e1n&nbsp;<strong>abanderados y escoltas<\/strong>&nbsp;para el 2024 en los colegios primarios de Mendoza, tanto de gesti\u00f3n p\u00fablica como privada.<\/p>\n\n\n\n<p>Como ha ocurrido en el 2021 y 2022, se aclara que&nbsp;<em>\u201cser\u00e1n tabulados todos los grados (considerando la unidad pedag\u00f3gica de 1\u00b0y 2\u00b0), exceptuando el correspondiente al ciclo lectivo 2020 por pandemia Covid-19, y Normas de Convivencia del \u00faltimo grado tabulado\u201d.<\/em><\/p>\n\n\n\n<p>A partir de esto,\u00a0<mark>no se considerar\u00e1n las calificaciones de cuarto grado<\/mark>, ya que fue el a\u00f1o del inicio de la pandemia en el que no hubo ni un mes de clases presenciales (los alumnos que podr\u00e1n ser abanderados actualmente est\u00e1n en sexto y estaban en cuarto en 2020).<\/p>\n\n\n\n<p>Cabe aclarar que no podr\u00e1n participar como postulantes para esta elecci\u00f3n quienes hubieran repetido alg\u00fan a\u00f1o; no hubieren obtenido una calificaci\u00f3n m\u00ednima de 7 en cada espacio curricular a considerar, al 13\/11\/2023, en el \u00faltimo a\u00f1o a tabular; y que no obtuvieron \u201cBueno\u201d, como m\u00ednimo, en cada uno de los tres informes respecto a Normas de Convivencia, en el \u00faltimo a\u00f1o a tabular.<\/p>\n\n\n\n<p><object data=\"https:\/\/newspack-elsol.s3.amazonaws.com\/wp-content\/uploads\/2023\/11\/anexo-abanderados-y-escoltas.pdf\" type=\"application\/pdf\"><\/object><\/p>\n\n\n\n<p><strong>Fuente: www.elsol.com.ar<\/strong><\/p>\n","protected":false},"excerpt":{"rendered":"<p>A trav\u00e9s de la&nbsp;resoluci\u00f3n 7389, publicada este jueves en el Bolet\u00edn Oficial, la&nbsp;Direcci\u00f3n General de Escuelas (DGE)&nbsp;brind\u00f3 detalles del reglamento por el cual se elegir\u00e1n&nbsp;abanderados y escoltas&nbsp;para el 2024 en los colegios primarios de Mendoza, tanto de gesti\u00f3n p\u00fablica como privada. Como ha ocurrido en el 2021 y 2022, se aclara que&nbsp;\u201cser\u00e1n tabulados todos los [&hellip;]<\/p>\n","protected":false},"author":2,"featured_media":2731,"comment_status":"open","ping_status":"open","sticky":false,"template":"","format":"standard","meta":[],"categories":[56],"tags":[],"_links":{"self":[{"href":"https:\/\/pasaenmendoza.com\/index.php?rest_route=\/wp\/v2\/posts\/2730"}],"collection":[{"href":"https:\/\/pasaenmendoza.com\/index.php?rest_route=\/wp\/v2\/posts"}],"about":[{"href":"https:\/\/pasaenmendoza.com\/index.php?rest_route=\/wp\/v2\/types\/post"}],"author":[{"embeddable":true,"href":"https:\/\/pasaenmendoza.com\/index.php?rest_route=\/wp\/v2\/users\/2"}],"replies":[{"embeddable":true,"href":"https:\/\/pasaenmendoza.com\/index.php?rest_route=%2Fwp%2Fv2%2Fcomments&post=2730"}],"version-history":[{"count":1,"href":"https:\/\/pasaenmendoza.com\/index.php?rest_route=\/wp\/v2\/posts\/2730\/revisions"}],"predecessor-version":[{"id":2732,"href":"https:\/\/pasaenmendoza.com\/index.php?rest_route=\/wp\/v2\/posts\/2730\/revisions\/2732"}],"wp:featuredmedia":[{"embeddable":true,"href":"https:\/\/pasaenmendoza.com\/index.php?rest_route=\/wp\/v2\/media\/2731"}],"wp:attachment":[{"href":"https:\/\/pasaenmendoza.com\/index.php?rest_route=%2Fwp%2Fv2%2Fmedia&parent=2730"}],"wp:term":[{"taxonomy":"category","embeddable":true,"href":"https:\/\/pasaenmendoza.com\/index.php?rest_route=%2Fwp%2Fv2%2Fcategories&post=2730"},{"taxonomy":"post_tag","embeddable":true,"href":"https:\/\/pasaenmendoza.com\/index.php?rest_route=%2Fwp%2Fv2%2Ftags&post=2730"}],"curies":[{"name":"wp","href":"https:\/\/api.w.org\/{rel}","templated":true}]}}