{"id":2733,"date":"2023-11-03T12:19:24","date_gmt":"2023-11-03T11:19:24","guid":{"rendered":"https:\/\/pasaenmendoza.com\/?p=2733"},"modified":"2023-11-03T12:19:25","modified_gmt":"2023-11-03T11:19:25","slug":"reabrio-el-paso-internacional-cristo-redentor-para-todo-tipo-de-vehiculos","status":"publish","type":"post","link":"https:\/\/pasaenmendoza.com\/?p=2733","title":{"rendered":"Reabri\u00f3 el Paso Internacional Cristo Redentor para todo tipo de veh\u00edculos"},"content":{"rendered":"\n<p>El\u00a0<strong>Paso Internacional Cristo Redentor<\/strong>\u00a0reabri\u00f3 este\u00a0<strong>viernes<\/strong>\u00a03 de noviembre desde las 8 para\u00a0<strong>todo tipo de veh\u00edculos<\/strong>. As\u00ed lo informaron los comunicados que emitieron las autoridades argentinas y chilenas, tras una semana con circulaci\u00f3n intermitente debido a diversos temporales que afectaron las\u00a0<strong>condiciones en alta monta\u00f1a<\/strong>.<\/p>\n\n\n\n<p>De este modo, se espera que terminen de volver a sus hogares los\u00a0<strong>miles de visitantes trasandinos que recalaron en Mendoza<\/strong>\u00a0para aprovechar un\u00a0<strong>fin de semana largo<\/strong>\u00a0que tuvo lugar en el vecino pa\u00eds. Entre el jueves y el domingo, entraron a la provincia\u00a0<strong>m\u00e1s de 21.000 personas<\/strong>.<\/p>\n\n\n\n<p>Este es el&nbsp;<strong>documento&nbsp;<\/strong>emitido en las \u00faltimas horas:<\/p>\n\n\n\n<figure class=\"wp-block-image is-resized\"><img decoding=\"async\" loading=\"lazy\" src=\"https:\/\/media.diariouno.com.ar\/p\/a6169f2fd3b3db1877eea1c4505ebe29\/adjuntos\/298\/imagenes\/009\/251\/0009251677\/1200x0\/smart\/cristo-redentor-habilitadojpg.jpg\" alt=\"\" width=\"600\" height=\"675\" title=\"\"\/><\/figure>\n\n\n\n<h2 class=\"wp-block-heading\">Recomiendan transitar con precauci\u00f3n<\/h2>\n\n\n\n<p>A ra\u00edz del\u00a0<strong>importante movimiento vehicular<\/strong>\u00a0que se verific\u00f3 en el comienzo de la jornada, Vialidad y Gendarmer\u00eda recomendaron\u00a0<strong>circular con m\u00e1xima precauci\u00f3n<\/strong>\u00a0en las rutas cordilleranas.<\/p>\n\n\n\n<p><strong>Fuente: www.diariouno.com.ar<\/strong><\/p>\n","protected":false},"excerpt":{"rendered":"<p>El\u00a0Paso Internacional Cristo Redentor\u00a0reabri\u00f3 este\u00a0viernes\u00a03 de noviembre desde las 8 para\u00a0todo tipo de veh\u00edculos. As\u00ed lo informaron los comunicados que emitieron las autoridades argentinas y chilenas, tras una semana con circulaci\u00f3n intermitente debido a diversos temporales que afectaron las\u00a0condiciones en alta monta\u00f1a. De este modo, se espera que terminen de volver a sus hogares los\u00a0miles [&hellip;]<\/p>\n","protected":false},"author":2,"featured_media":2735,"comment_status":"open","ping_status":"open","sticky":false,"template":"","format":"standard","meta":[],"categories":[66],"tags":[],"_links":{"self":[{"href":"https:\/\/pasaenmendoza.com\/index.php?rest_route=\/wp\/v2\/posts\/2733"}],"collection":[{"href":"https:\/\/pasaenmendoza.com\/index.php?rest_route=\/wp\/v2\/posts"}],"about":[{"href":"https:\/\/pasaenmendoza.com\/index.php?rest_route=\/wp\/v2\/types\/post"}],"author":[{"embeddable":true,"href":"https:\/\/pasaenmendoza.com\/index.php?rest_route=\/wp\/v2\/users\/2"}],"replies":[{"embeddable":true,"href":"https:\/\/pasaenmendoza.com\/index.php?rest_route=%2Fwp%2Fv2%2Fcomments&post=2733"}],"version-history":[{"count":1,"href":"https:\/\/pasaenmendoza.com\/index.php?rest_route=\/wp\/v2\/posts\/2733\/revisions"}],"predecessor-version":[{"id":2736,"href":"https:\/\/pasaenmendoza.com\/index.php?rest_route=\/wp\/v2\/posts\/2733\/revisions\/2736"}],"wp:featuredmedia":[{"embeddable":true,"href":"https:\/\/pasaenmendoza.com\/index.php?rest_route=\/wp\/v2\/media\/2735"}],"wp:attachment":[{"href":"https:\/\/pasaenmendoza.com\/index.php?rest_route=%2Fwp%2Fv2%2Fmedia&parent=2733"}],"wp:term":[{"taxonomy":"category","embeddable":true,"href":"https:\/\/pasaenmendoza.com\/index.php?rest_route=%2Fwp%2Fv2%2Fcategories&post=2733"},{"taxonomy":"post_tag","embeddable":true,"href":"https:\/\/pasaenmendoza.com\/index.php?rest_route=%2Fwp%2Fv2%2Ftags&post=2733"}],"curies":[{"name":"wp","href":"https:\/\/api.w.org\/{rel}","templated":true}]}}