{"id":2737,"date":"2023-11-03T12:24:03","date_gmt":"2023-11-03T11:24:03","guid":{"rendered":"https:\/\/pasaenmendoza.com\/?p=2737"},"modified":"2023-11-03T12:24:03","modified_gmt":"2023-11-03T11:24:03","slug":"por-el-zonda-ciudad-tendra-que-erradicar-900-arboles-y-las-perdidas-superan-los-100-millones","status":"publish","type":"post","link":"https:\/\/pasaenmendoza.com\/?p=2737","title":{"rendered":"Por el Zonda, Ciudad tendr\u00e1 que erradicar 900 \u00e1rboles y las p\u00e9rdidas superan los $100 millones"},"content":{"rendered":"\n<p><strong>El\u00a0viento Zonda<\/strong>, que afect\u00f3 a la provincia el fin de semana,\u00a0<strong>hizo estragos en el arbolado de la Ciudad de Mendoza<\/strong>\u00a0y en un primer relevamiento se detect\u00f3 a\u00a0<strong>400 \u00e1rboles ca\u00eddos, aunque la estimaci\u00f3n es que el n\u00famero final llegue a los 900<\/strong>. La comuna no tiene antecedentes de un evento de estas caracter\u00edsticas que se haya desarrollado durante tanto tiempo y en este momento del a\u00f1o, por lo que lo definen como\u00a0<strong>desastre ambiental<\/strong>.<\/p>\n\n\n\n<p>La Municipalidad<strong>&nbsp;calcul\u00f3 que reparar las veredas da\u00f1adas por el derrumbe de los espec\u00edmenes<\/strong>, quitar los tocones y volver a forestar puede&nbsp;<strong>representar una erogaci\u00f3n de m\u00e1s de $100 millones.<\/strong><\/p>\n\n\n\n<p><strong>El secretario de Desarrollo Urbano de la Municipalidad, Juan Manuel Filice,&nbsp;<\/strong>reconoci\u00f3 a&nbsp;<strong>Diario UNO<\/strong>&nbsp;que &#8220;el viento fue muy violento y ocasion\u00f3 muchos da\u00f1os, fundamentalmente en el arbolado, con m\u00e1s de 900 eventos para solucionar&#8221;.<strong><\/strong><\/p>\n\n\n\n<p><strong>&#8220;Con los primeros c\u00e1lculos<\/strong>\u00a0-continu\u00f3-\u00a0<strong>creemos que vamos a tener que erradicar entre 600 y 900 forestales&#8221;.<\/strong>\u00a0Y se lament\u00f3:\u00a0<strong>&#8220;es much\u00edsimo<\/strong>, estamos hablando del\u00a0<strong>evento de Zonda m\u00e1s importante de los \u00faltimos a\u00f1os\u00a0<\/strong>y creemos que recuperar postes, cables y veredas va a tener un costo de m\u00e1s de $90 millones&#8221;.<\/p>\n\n\n\n<p>A ese n\u00famero hay que sumarle la quita y retiro de lo que qued\u00f3 de estos \u00e1rboles y volver a forestar.<\/p>\n\n\n\n<p>&#8220;No estamos hablando de Zonda, estamos frente a<strong>\u00a0un desastre ambiental del que no tenemos antecedentes<\/strong>. Nos tuvimos que remontar al a\u00f1o 1991, donde se dio un hecho similar.\u00a0<strong>En aquel momento se perdieron 300 ejemplares&#8221;<\/strong>, subray\u00f3 la directora de Espacios Verdes y Arbolado de Ciudad,<strong>\u00a0Ivanna Klimisch<\/strong>.<\/p>\n\n\n\n<h2 class=\"wp-block-heading\">\u00c1rboles que caen, ramas que vuelan<\/h2>\n\n\n\n<p>Desde el lunes se est\u00e1 haciendo un relevamiento, limpieza y retiro de lo afectado en el arbolado p\u00fablico, en donde confluyen distintas \u00e1reas municipales.&nbsp;<strong>Estas labores pueden demorar alrededor de 20 d\u00edas<\/strong>.<\/p>\n\n\n\n<p>&#8220;Los da\u00f1os que dej\u00f3 este evento han sido muy grandes y estamos tomando una dimensi\u00f3n de lo que implica, teniendo en cuenta el impacto del cambio clim\u00e1tico.<strong>&nbsp;El Zonda se presenta mayormente en agosto, cuando los \u00e1rboles est\u00e1n con otro ciclo de desarrollo.&nbsp;<\/strong>Seg\u00fan la zona, las r\u00e1fagas fueron multidireccionales y las copas de los forestales no resistieron&#8221;, destac\u00f3 la especialista.<\/p>\n\n\n\n<p>Los puntos de la Ciudad de Mendoza con mayor grado de afectaci\u00f3n son la<strong>\u00a0Quinta Secci\u00f3n, la Sexta Secci\u00f3n, la Cuarta y la Segunda Secci\u00f3n.<\/strong><\/p>\n\n\n\n<p>En un panorama general de estos lugares se detall\u00f3:<\/p>\n\n\n\n<p>\u2013 Fueron&nbsp;<strong>915<\/strong>&nbsp;sucesos recibidos aproximadamente (principalmente \u00e1rboles y ramas).<\/p>\n\n\n\n<p>\u2013 Ya se han resuelto el 80%, dando prioridad a los m\u00e1s graves.<\/p>\n\n\n\n<p>\u2013&nbsp;<strong>14<\/strong>&nbsp;cuadrillas de trabajo directo con&nbsp;<strong>22<\/strong>&nbsp;veh\u00edculos (camiones, gr\u00faas, camionetas).<\/p>\n\n\n\n<p>\u2013&nbsp;<strong>120<\/strong>&nbsp;operarios distribuidos en turnos las 24 horas.<\/p>\n\n\n\n<p>\u2013&nbsp;<strong>45<\/strong>&nbsp;maquinarias afectadas (el\u00e9ctricas y a explosi\u00f3n).<\/p>\n\n\n\n<p>\u2013 Trabajos conjuntos con&nbsp;<strong>EDEMSA<\/strong>&nbsp;por restituci\u00f3n del servicio.<\/p>\n\n\n\n<p>\u2013Los vecinos pueden reportar sucesos al&nbsp;<strong>147<\/strong>.<\/p>\n\n\n\n<p><strong>*Prioridad 1:<\/strong>&nbsp;eventos que impliquen riesgo de vida o material como ramas sobre viviendas.<\/p>\n\n\n\n<p><strong>*Prioridad 2:<\/strong>\u00a0despeje de calles.<\/p>\n\n\n\n<p><strong>*Prioridad 3:<\/strong>&nbsp;ramas sueltas en espacio p\u00fablico y \u00e1rboles ca\u00eddos que no representen peligro ni interrupciones.<\/p>\n\n\n\n<h2 class=\"wp-block-heading\">Incendios y p\u00e9rdidas totales en la zona tur\u00edstica de la Ruta 82<\/h2>\n\n\n\n<p>La fuerza de las r\u00e1fagas del viento Zonda&nbsp;<strong>derrib\u00f3 un tendido el\u00e9ctrico en el Piedemonte y esto gener\u00f3 la presencia de focos de incendios en la zona tur\u00edstica<\/strong>. Las llamas afectaron caba\u00f1as y viviendas de la Colonia Suiza.<\/p>\n\n\n\n<p>La ministra de Cultura y Turismo<strong>, Nora Vicario,<\/strong>&nbsp;puntualiz\u00f3 que&nbsp;<strong>se comenz\u00f3 con las tareas de limpieza y se har\u00e1 un trabajo de rehabilitaci\u00f3n ambiental en la zona m\u00e1s afectada,&nbsp;<\/strong>mientras sigue el relevamiento de las caba\u00f1as y complejos afectados por los incendios.<\/p>\n\n\n\n<p>El presidente de la C\u00e1mara de Turismo y Comercio de la Ruta 82,\u00a0<strong>Fabi\u00e1n Gonz\u00e1lez<\/strong>, se\u00f1al\u00f3 que se est\u00e1 trabajando en conjunto con la Municipalidad de Luj\u00e1n y la provincia para la recuperaci\u00f3n de la zona y adem\u00e1s la gesti\u00f3n de ayuda para la reconstrucci\u00f3n de las caba\u00f1as y las casas, como una\u00a0<strong>asistencia para el tiempo en que demorar\u00e1 volver a poner en pie los servicios<\/strong>.<\/p>\n\n\n\n<p>&#8220;<strong>Es un ecosistema de prestadores<\/strong>. Cada uno se retroalimentaba. El que recib\u00eda un contingente de turistas, el de la proveedur\u00eda o el que vend\u00eda regionales;&nbsp;<strong>por eso es que esta afectaci\u00f3n no es s\u00f3lo para los que perdieron sus caba\u00f1as, sino que resiente la actividad de toda la Ruta 82<\/strong>&#8220;, admiti\u00f3.<\/p>\n\n\n\n<p>El gobernador\u00a0<strong>Rodolfo Suarez le pidi\u00f3 a Naci\u00f3n fondos para los damnificados<\/strong>\u00a0y declar\u00f3 la emergencia ambiental, tras devastaci\u00f3n de los incendios desatados por el Zonda.<\/p>\n\n\n\n<p><strong>Fuente: www.diariouno.com.ar<\/strong><\/p>\n","protected":false},"excerpt":{"rendered":"<p>El\u00a0viento Zonda, que afect\u00f3 a la provincia el fin de semana,\u00a0hizo estragos en el arbolado de la Ciudad de Mendoza\u00a0y en un primer relevamiento se detect\u00f3 a\u00a0400 \u00e1rboles ca\u00eddos, aunque la estimaci\u00f3n es que el n\u00famero final llegue a los 900. La comuna no tiene antecedentes de un evento de estas caracter\u00edsticas que se haya [&hellip;]<\/p>\n","protected":false},"author":2,"featured_media":2738,"comment_status":"open","ping_status":"open","sticky":false,"template":"","format":"standard","meta":[],"categories":[50],"tags":[],"_links":{"self":[{"href":"https:\/\/pasaenmendoza.com\/index.php?rest_route=\/wp\/v2\/posts\/2737"}],"collection":[{"href":"https:\/\/pasaenmendoza.com\/index.php?rest_route=\/wp\/v2\/posts"}],"about":[{"href":"https:\/\/pasaenmendoza.com\/index.php?rest_route=\/wp\/v2\/types\/post"}],"author":[{"embeddable":true,"href":"https:\/\/pasaenmendoza.com\/index.php?rest_route=\/wp\/v2\/users\/2"}],"replies":[{"embeddable":true,"href":"https:\/\/pasaenmendoza.com\/index.php?rest_route=%2Fwp%2Fv2%2Fcomments&post=2737"}],"version-history":[{"count":1,"href":"https:\/\/pasaenmendoza.com\/index.php?rest_route=\/wp\/v2\/posts\/2737\/revisions"}],"predecessor-version":[{"id":2739,"href":"https:\/\/pasaenmendoza.com\/index.php?rest_route=\/wp\/v2\/posts\/2737\/revisions\/2739"}],"wp:featuredmedia":[{"embeddable":true,"href":"https:\/\/pasaenmendoza.com\/index.php?rest_route=\/wp\/v2\/media\/2738"}],"wp:attachment":[{"href":"https:\/\/pasaenmendoza.com\/index.php?rest_route=%2Fwp%2Fv2%2Fmedia&parent=2737"}],"wp:term":[{"taxonomy":"category","embeddable":true,"href":"https:\/\/pasaenmendoza.com\/index.php?rest_route=%2Fwp%2Fv2%2Fcategories&post=2737"},{"taxonomy":"post_tag","embeddable":true,"href":"https:\/\/pasaenmendoza.com\/index.php?rest_route=%2Fwp%2Fv2%2Ftags&post=2737"}],"curies":[{"name":"wp","href":"https:\/\/api.w.org\/{rel}","templated":true}]}}