{"id":2743,"date":"2023-11-03T12:39:37","date_gmt":"2023-11-03T11:39:37","guid":{"rendered":"https:\/\/pasaenmendoza.com\/?p=2743"},"modified":"2023-11-03T12:39:38","modified_gmt":"2023-11-03T11:39:38","slug":"el-ministerio-publico-fiscal-llamo-a-concurso-para-cubrir-500-cargos-administrativos-y-tecnicos","status":"publish","type":"post","link":"https:\/\/pasaenmendoza.com\/?p=2743","title":{"rendered":"El Ministerio P\u00fablico Fiscal llam\u00f3 a concurso para cubrir 500 cargos administrativos y t\u00e9cnicos"},"content":{"rendered":"\n<p>De este modo,&nbsp;<strong>luego de la \u00faltima convocatoria realizada durante 2018<\/strong>&nbsp;y ya agotadas las listas de aspirantes, el<strong>&nbsp;MPF vuelve a convocar a postulantes para sumarse a su planta de personal.<\/strong><\/p>\n\n\n\n<p>En total, se estima que ser\u00e1 necesario&nbsp;<strong>cubrir 200 puestos en la Primera Circunscripci\u00f3n Judicial<\/strong>&nbsp;(que incluye a los departamentos: Ciudad, Godoy Cruz, Guaymall\u00e9n, Las Heras, Maip\u00fa, Luj\u00e1n de Cuyo y Lavalle) y<strong>&nbsp;otros 150 en la Tercera Circunscripci\u00f3n Judicial&nbsp;<\/strong>(que cubre a los territorios de San Mart\u00edn, Jun\u00edn, La Paz, Santa Rosa y Rivadavia).<\/p>\n\n\n\n<p>En la\u00a0<strong>Segunda Circunscripci\u00f3n\u00a0<\/strong>Judicial (integrada por Malarg\u00fce, San Rafael y General Alvear) se abre la posibilidad para concursar\u00a0<strong>150 cargos.<\/strong><\/p>\n\n\n\n<p>Esto sucede despu\u00e9s de que se dieran a conocer los nombres de quienes rindieron al ingreso para&nbsp;<strong>cubrir cargos en la Suprema Corte de Justicia<\/strong>&nbsp;y quedaron seleccionados seg\u00fan la orden de m\u00e9rito.<\/p>\n\n\n\n<h2 class=\"wp-block-heading\">Los requisitos para acceder al concurso del Ministerio P\u00fablico Fiscal<\/h2>\n\n\n\n<p>En todos los casos y una vez concluida la instancia examinadora, los y las postulantes a realizar tareas t\u00e9cnicas y administrativas ser\u00e1n convocados por orden de m\u00ebrito y seg\u00fan la necesidad del MPF, a medida que se vayan generando las vacantes. Si por circunstancias excepcionales el n\u00famero de aspirantes que apruebe los ex\u00e1menes no resulta suficiente para cubrir los cupos, en ambos casos se realizar\u00e1 un nuevo llamado a concurso.<\/p>\n\n\n\n<p><strong>Entre los requisitos necesarios&nbsp;<\/strong>para acceder a la postulaci\u00f3n para&nbsp;<strong>trabajar en las oficinas fiscales<\/strong>&nbsp;instruyendo expedientes penales, figuran los siguientes:<\/p>\n\n\n\n<ol>\n<li>Ser argentino o argentina o residir de manera permanente en el pa\u00eds,<\/li>\n\n\n\n<li>Tener 18 a\u00f1os de edad cumplidos a la fecha de la inscripci\u00f3n,<\/li>\n\n\n\n<li>No haber cumplido 41 a\u00f1os a la fecha de inscripci\u00f3n,<\/li>\n\n\n\n<li>Presentar la copia del Documento Nacional de Identidad (DNI) vigente<\/li>\n\n\n\n<li>No tener antecedentes penales o procesos penales en tr\u00e1mite.<\/li>\n\n\n\n<li>Poseer el t\u00edtulo de ense\u00f1anza secundaria o polimodal completa a la fecha de la inscripci\u00f3n,<\/li>\n\n\n\n<li>Declarar conocer y aceptar el perfil psico-laboral y de puesto de trabajo que se publica en la p\u00e1gina web del MPF<\/li>\n\n\n\n<li>Aprobar el concurso de ingreso.<\/li>\n<\/ol>\n\n\n\n<h2 class=\"wp-block-heading\"><strong>Los pasos fundamentales para postularse<\/strong><\/h2>\n\n\n\n<p>El&nbsp;<strong>primer paso para acceder al mencionado concurso<\/strong>&nbsp;consiste en&nbsp;<strong>inscribirse de manera virtual,<\/strong>&nbsp;exclusivamente, a trav\u00e9s del&nbsp;<strong>portal web del concurso del Ministerio P\u00fablico Fiscal de Mendoza,&nbsp;<\/strong>desde el<strong>&nbsp;6 al 13 de noviembre de 2023<\/strong>. All\u00ed, los\/las interesados luego de ingresar, deber\u00e1n&nbsp;<strong>completar el formulario de solicitud<\/strong>&nbsp;de inscripci\u00f3n digital, que incluye la carga de una copia del DNI y una declaraci\u00f3n jurada firmada que se podr\u00e1 descargar del mismo portal.<\/p>\n\n\n\n<p>Luego de\u00a0<strong>finalizado el plazo<\/strong>\u00a0dispuesto para la inscripci\u00f3n en la mencionada p\u00e1gina web,\u00a0<strong>se publicar\u00e1 fecha, hora y lugar de cada una de las instancias de examen.<\/strong>\u00a0Hay que aclarar en este sentido, que ser\u00e1 responsabilidad de quien se postule, ingresar al portal oficial para informarse respecto de la fecha del examen y descargar desde all\u00ed la constancia del turno en cada caso. Este paso ser\u00e1\u00a0<strong>fundamental al momento de rendir cada examen junto con el DNI vigente,<\/strong>\u00a0\u00fanico medio habilitado para acreditar la identidad. En todos los casos adem\u00e1s, las y los\u00a0<strong>aspirantes deber\u00e1n presentarse de manera puntual, en los horarios establecidos<\/strong>. En caso contrario, la persona no estar\u00e1 autorizada a rendir y quedar\u00e1 eliminado\/a del concurso.<\/p>\n\n\n\n<p><strong>Los ex\u00e1menes<\/strong>, cuyas fechas ser\u00e1n informadas en tiempo y forma a trav\u00e9s de los canales oficiales,&nbsp;<strong>se realizar\u00e1n de manera presencial y excluyente,<\/strong>&nbsp;en el&nbsp;<strong>sal\u00f3n de actos del MPF del Polo Judicial Penal&nbsp;<\/strong>(calle Plantamura y San Felipe, ciudad de Mendoza). Ser\u00e1n en total cuatro y tendr\u00e1n la caracter\u00edstica de ser&nbsp;<strong>excluyentes: dactilograf\u00eda, ortograf\u00eda, conocimientos inform\u00e1ticos y conocimientos jur\u00eddicos<\/strong>. En tanto que luego de esa primera instancia y en el caso de aprobar los cuatro ex\u00e1menes,los postulantes deber\u00e1n&nbsp;<strong>cumplir con dos instancias m\u00e1s; el examen psicolaboral (con validez de un a\u00f1o) y el examen f\u00edsico.<\/strong><\/p>\n\n\n\n<h2 class=\"wp-block-heading\"><strong>\u00bfC\u00f3mo ser\u00e1 cada examen?<\/strong><\/h2>\n\n\n\n<p>Para el examen de dactilograf\u00eda deber\u00e1n copiar en computadora textos jur\u00eddicos que se seleccionar\u00e1n de manera aleatoria en cada turno de examen. Para aprobar esta evaluaci\u00f3n,\u00a0<strong>ser\u00e1 necesario escribir de manera correcta 170 palabras en cuatro minutos<\/strong>.\u00a0<strong>No se computar\u00e1n las palabras con errores de tipeo u ortogr\u00e1ficos<\/strong>, las palabras mal unidas, las que est\u00e9n duplicadas y las que no figuren en el texto original. En tanto que se computar\u00e1n como media palabra los errores de acentuaci\u00f3n y los errores de may\u00fascula o min\u00fascula.<\/p>\n\n\n\n<p><strong>Por su parte, el examen de ortograf\u00eda consistir\u00e1 en la correcci\u00f3n en computadora de un texto jur\u00eddico.<\/strong>&nbsp;Esa prueba tendr\u00e1 una&nbsp;<strong>duraci\u00f3n de diez minutos&nbsp;<\/strong>y su objetivo es el de evaluar las habilidades para la redacci\u00f3n de documentos.<\/p>\n\n\n\n<p>Los&nbsp;<strong>conocimientos en inform\u00e1tica a evaluar por el MPF<\/strong>&nbsp;ser\u00e1n los que la&nbsp;<strong>dependencia utiliza de manera habitual<\/strong>. En ese sentido, el material ser\u00e1 confeccionado por la Direcci\u00f3n de Inform\u00e1tica y ser\u00e1 publicado al momento de la inscripci\u00f3n. En este caso,&nbsp;<strong>el examen tendr\u00e1 una duraci\u00f3n de 20 minutos.<\/strong><\/p>\n\n\n\n<p>El cuarto examen\u00a0<strong>estar\u00e1 focalizado en los conocimientos jur\u00eddicos<\/strong>\u00a0que posea la persona que aspira al cargo. El material de estudio, asimismo, ser\u00e1 publicado en el mencionado portal desde el momento mismo de la inscripci\u00f3n. En este caso, el formato ser\u00e1 de opci\u00f3n m\u00faltiple en computadora, donde una sola de las respuestas es la correcta; su duraci\u00f3n ser\u00e1 de 60 minutos.<\/p>\n\n\n\n<p><strong>Fuente: www.diariouno.com.ar<\/strong><\/p>\n\n\n\n<p><a rel=\"noreferrer noopener\" href=\"https:\/\/www.facebook.com\/dialog\/feed?app_id=161316767303985&amp;link=https%3A%2F%2Fwww.diariouno.com.ar%2Fsociedad%2Fel-ministerio-publico-fiscal-llamo-concurso-cubrir-500-cargos-administrativos-y-tecnicos-n1241109&amp;name=El+Ministerio+P%C3%BAblico+Fiscal+llam%C3%B3+a+concurso+para+cubrir+500+cargos+administrativos+y+t%C3%A9cnicos+&amp;caption=Ministerio+P%C3%BAblico+Fiscal&amp;description=A+principio+de+a%C3%B1o+lo+hizo+la+Suprema+Corte+y+ahora+es+el+turno+del+MPF.+Los+ex%C3%A1manes+ser%C3%A1n+presenciales+y+la+inscripci%C3%B3n+abre+el+6+de+noviembre+y+se+extiende+por+una+semana&amp;redirect_uri=https%3A%2F%2Fwww.diariouno.com.ar%2Fsociedad%2Fel-ministerio-publico-fiscal-llamo-concurso-cubrir-500-cargos-administrativos-y-tecnicos-n1241109\" target=\"_blank\"><\/a><\/p>\n\n\n\n<p><a rel=\"noreferrer noopener\" href=\"https:\/\/twitter.com\/intent\/tweet?url=https%3A%2F%2Fwww.diariouno.com.ar%2Fc1241109&amp;related=diariouno&amp;text=El+Ministerio+P%C3%BAblico+Fiscal+llam%C3%B3+a+concurso+para+cubrir+500+cargos+administrativos+y+t%C3%A9cnicos+&amp;via=diariouno\" target=\"_blank\"><\/a><\/p>\n\n\n\n<p><a href=\"mailto:?body=https%3A%2F%2Fwww.diariouno.com.ar%2Fsociedad%2Fel-ministerio-publico-fiscal-llamo-concurso-cubrir-500-cargos-administrativos-y-tecnicos-n1241109&amp;subject=%E2%80%9CEl%20Ministerio%20P%C3%BAblico%20Fiscal%20llam%C3%B3%20a%20concurso%20para%20cubrir%20500%20cargos%20administrativos%20y%20t%C3%A9cnicos%20%E2%80%9D\"><\/a><\/p>\n\n\n\n<p><a rel=\"noreferrer noopener\" href=\"https:\/\/api.whatsapp.com\/send?text=%E2%80%9CEl%20Ministerio%20P%C3%BAblico%20Fiscal%20llam%C3%B3%20a%20concurso%20para%20cubrir%20500%20cargos%20administrativos%20y%20t%C3%A9cnicos%20%E2%80%9D%20https%3A%2F%2Fwww.diariouno.com.ar%2Fsociedad%2Fel-ministerio-publico-fiscal-llamo-concurso-cubrir-500-cargos-administrativos-y-tecnicos-n1241109\" target=\"_blank\"><\/a><\/p>\n","protected":false},"excerpt":{"rendered":"<p>De este modo,&nbsp;luego de la \u00faltima convocatoria realizada durante 2018&nbsp;y ya agotadas las listas de aspirantes, el&nbsp;MPF vuelve a convocar a postulantes para sumarse a su planta de personal. En total, se estima que ser\u00e1 necesario&nbsp;cubrir 200 puestos en la Primera Circunscripci\u00f3n Judicial&nbsp;(que incluye a los departamentos: Ciudad, Godoy Cruz, Guaymall\u00e9n, Las Heras, Maip\u00fa, Luj\u00e1n [&hellip;]<\/p>\n","protected":false},"author":2,"featured_media":2744,"comment_status":"open","ping_status":"open","sticky":false,"template":"","format":"standard","meta":[],"categories":[50],"tags":[],"_links":{"self":[{"href":"https:\/\/pasaenmendoza.com\/index.php?rest_route=\/wp\/v2\/posts\/2743"}],"collection":[{"href":"https:\/\/pasaenmendoza.com\/index.php?rest_route=\/wp\/v2\/posts"}],"about":[{"href":"https:\/\/pasaenmendoza.com\/index.php?rest_route=\/wp\/v2\/types\/post"}],"author":[{"embeddable":true,"href":"https:\/\/pasaenmendoza.com\/index.php?rest_route=\/wp\/v2\/users\/2"}],"replies":[{"embeddable":true,"href":"https:\/\/pasaenmendoza.com\/index.php?rest_route=%2Fwp%2Fv2%2Fcomments&post=2743"}],"version-history":[{"count":1,"href":"https:\/\/pasaenmendoza.com\/index.php?rest_route=\/wp\/v2\/posts\/2743\/revisions"}],"predecessor-version":[{"id":2745,"href":"https:\/\/pasaenmendoza.com\/index.php?rest_route=\/wp\/v2\/posts\/2743\/revisions\/2745"}],"wp:featuredmedia":[{"embeddable":true,"href":"https:\/\/pasaenmendoza.com\/index.php?rest_route=\/wp\/v2\/media\/2744"}],"wp:attachment":[{"href":"https:\/\/pasaenmendoza.com\/index.php?rest_route=%2Fwp%2Fv2%2Fmedia&parent=2743"}],"wp:term":[{"taxonomy":"category","embeddable":true,"href":"https:\/\/pasaenmendoza.com\/index.php?rest_route=%2Fwp%2Fv2%2Fcategories&post=2743"},{"taxonomy":"post_tag","embeddable":true,"href":"https:\/\/pasaenmendoza.com\/index.php?rest_route=%2Fwp%2Fv2%2Ftags&post=2743"}],"curies":[{"name":"wp","href":"https:\/\/api.w.org\/{rel}","templated":true}]}}