{"id":2752,"date":"2023-11-03T14:07:49","date_gmt":"2023-11-03T13:07:49","guid":{"rendered":"https:\/\/pasaenmendoza.com\/?p=2752"},"modified":"2023-11-03T14:07:50","modified_gmt":"2023-11-03T13:07:50","slug":"la-venganza-por-un-robo-que-desencadeno-un-feroz-tiroteo-con-policias-en-las-heras","status":"publish","type":"post","link":"https:\/\/pasaenmendoza.com\/?p=2752","title":{"rendered":"La venganza por un robo que desencaden\u00f3 un feroz tiroteo con polic\u00edas en Las Heras"},"content":{"rendered":"\n<p>Desde hace una semana que&nbsp;<strong>Marcelo Emanuel Guzm\u00e1n<\/strong>&nbsp;(32) se encuentra al borde de la muerte luego de que polic\u00edas le dispararan en medio de un tiroteo ocurrido en el&nbsp;<strong>barrio Alas Argentinas<\/strong>&nbsp;de<strong>&nbsp;Las Heras<\/strong>.<\/p>\n\n\n\n<p>Fuentes hospitalarias indicaron que su cuadro es delicado, ya que este jueves permanec\u00eda alojado con respirador en Terapia Intensiva del\u00a0<strong>Hospital Central<\/strong>, luego de haber sido intervenido de urgencia por los da\u00f1os que le produjo el proyectil 9 mil\u00edmetros que le atraves\u00f3 los intestinos.<\/p>\n\n\n\n<p>Mientras el ex convicto lucha por su vida, dos investigaciones relacionadas al caso se tramitan en la Justicia provincial. Una de las pesquisas, que lleva adelante el fiscal de\u00a0<strong>Delitos No Especializados Juan Tichelli<\/strong>, intenta determinar el origen de la balacera y las armas halladas en la escena.<\/p>\n\n\n\n<p>En ese expediente,&nbsp;<strong>Walter Fernando Barrionuevo Ag\u00fcero<\/strong>&nbsp;(30), presunto c\u00f3mplice del herido, fue imputado por&nbsp;<mark>portaci\u00f3n ilegal de arma de fuego, amenazas agravas por el uso de arma de fuego, abuso de armas agravado por ser contra un miembro de las fuerzas policiales y violaci\u00f3n de domicilio, todo en concurso real<\/mark>. Esa misma acusaci\u00f3n le espera a Guzm\u00e1n, en caso de que se recupere y reciba el alta m\u00e9dica.<\/p>\n\n\n\n<p>En la otra causa, que es instruida por el fiscal de\u00a0<strong>Robos y Hurtos<\/strong>\u00a0<strong>Daniel S\u00e1nchez Giol<\/strong>, en la que nada tienen que ver los dos sindicados agresores, analizan la ra\u00edz del tiroteo. Se trata de\u00a0<mark>un asalto ocurrido horas antes ese mismo d\u00eda y que tuvo como v\u00edctima a una hermana de Barrionuevo.<\/mark><\/p>\n\n\n\n<p>El episodio tuvo lugar el jueves 26 de octubre alrededor de las 4.30, mientras la joven, de 29 a\u00f1os, se encontraba junto a su novio y un hijo menor de edad, en su casa de calle Olascoaga, en los alrededores de la cancha de\u00a0<strong>Hurac\u00e1n Las Heras<\/strong>.<\/p>\n\n\n\n<p>En ese instante, un sujeto abri\u00f3 de una patada la puerta de entrada a la vivienda, ingres\u00f3 y le apunt\u00f3 a la v\u00edctima con un arma de fuego. Acto seguido, mediante las amenazas, alcanz\u00f3 a sustraer una bicicleta, con la que se dio a la fuga de la escena.<\/p>\n\n\n\n<p>Al parecer,\u00a0<mark>el presunto autor fue reconocido por la muchacha y su pareja, quienes le indicaron a los detectives policiales que se trataba del\u00a0<em>Cara de Nena<\/em>, un malviviente conocido<\/mark>\u00a0en ese sector del distrito de\u00a0<strong>El Plumerillo<\/strong>, con domicilio en el\u00a0<strong>barrio 20 de Julio<\/strong>.<\/p>\n\n\n\n<p>Los pesquisas avanzaron r\u00e1pidamente sobre la identidad del sospechoso y determinaron que se trataba de\u00a0<strong>Facundo Mauro Riquelme<\/strong>. Pero, mientras era buscado, el hermano de la v\u00edctima del robo y un amigo -Barrionuevo y Guzm\u00e1n- pasadas las 23 de ese d\u00eda hasta una casa del barrio Alas Argentinas, ya que ten\u00edan el dato de que all\u00ed se estaba ocultando el\u00a0<em>Cara de Nena<\/em>.<\/p>\n\n\n\n<p>En ese lugar, Barrionuevo y Guzm\u00e1n, ambos con pasado carcelario,<mark>&nbsp;comenzaron a disparar contra la vivienda, pese a que por dentro estaba vac\u00eda<\/mark>, surge de la reconstrucci\u00f3n.<\/p>\n\n\n\n<p>En ese preciso momento, polic\u00edas de la\u00a0<strong>Unidad Motorizada de Acci\u00f3n R\u00e1pida\u00a0<\/strong>(<strong>UMAR<\/strong>) que pasaban por la barriada oyeron las detonaciones de arma de fuego y observaron a los dos sujetos que disparaban con una pistola y un rev\u00f3lver, respectivamente.<\/p>\n\n\n\n<p>Frente a eso, frenaron sus motos, descendieron y les dieron la voz de \u201calto polic\u00eda\u201d.&nbsp;<mark>Lejos de frenar su accionar, los dos sospechosos redirigieron sus tiros hacia la zona donde estaban los uniformados<\/mark>.<\/p>\n\n\n\n<p>Los dos efectivos buscaron repeler la agresi\u00f3n efectuando dos disparos y\u00a0<mark>uno de los plomos le impact\u00f3 a Guzm\u00e1n, quien se desplom\u00f3 en el suelo<\/mark>. Al mismo tiempo, Barrionuevo trat\u00f3 de darse a la fuga corriendo, pero otros funcionarios que llegaron en apoyo lo atraparon en el interior de una vivienda, en calle Chacabuco.<\/p>\n\n\n\n<p>Posteriormente, Guzm\u00e1n fue trasladado en ambulancia hasta el citado centro asistencial de Ciudad, donde los m\u00e9dicos constataron que el proyectil le ingres\u00f3 por el abdomen y sali\u00f3 por un gl\u00fateo, provoc\u00e1ndole severos da\u00f1os en el \u00e1rea intestinal, que comprometieron su salud.<\/p>\n\n\n\n<p>Pero las acciones no terminaron all\u00ed. Algunos instantes luego del hecho de sangre, ya entrada la madrugada del viernes 27,&nbsp;<mark>la hermana de Barrionuevo denunci\u00f3 que el&nbsp;<em>Cara de Nena<\/em>&nbsp;fue hasta su casa nuevamente y la amenaz\u00f3<\/mark>.<\/p>\n\n\n\n<p>Ante eso, se realiz\u00f3 un operativo en la zona para dar con Riquelme, quien para ese entonces ya se encontraba con pedido de captura, y fue detenido en las cercan\u00edas. Horas despu\u00e9s, el fiscal S\u00e1nchez Giol\u00a0<mark>lo imput\u00f3 por robo agravado por el uso de arma de fuego y por efracci\u00f3n, ordenando su trasladado a prisi\u00f3n<\/mark>.<\/p>\n\n\n\n<p><strong>Fuente: www.elsol.com.ar<\/strong><\/p>\n","protected":false},"excerpt":{"rendered":"<p>Desde hace una semana que&nbsp;Marcelo Emanuel Guzm\u00e1n&nbsp;(32) se encuentra al borde de la muerte luego de que polic\u00edas le dispararan en medio de un tiroteo ocurrido en el&nbsp;barrio Alas Argentinas&nbsp;de&nbsp;Las Heras. Fuentes hospitalarias indicaron que su cuadro es delicado, ya que este jueves permanec\u00eda alojado con respirador en Terapia Intensiva del\u00a0Hospital Central, luego de haber [&hellip;]<\/p>\n","protected":false},"author":2,"featured_media":2753,"comment_status":"open","ping_status":"open","sticky":false,"template":"","format":"standard","meta":[],"categories":[48],"tags":[],"_links":{"self":[{"href":"https:\/\/pasaenmendoza.com\/index.php?rest_route=\/wp\/v2\/posts\/2752"}],"collection":[{"href":"https:\/\/pasaenmendoza.com\/index.php?rest_route=\/wp\/v2\/posts"}],"about":[{"href":"https:\/\/pasaenmendoza.com\/index.php?rest_route=\/wp\/v2\/types\/post"}],"author":[{"embeddable":true,"href":"https:\/\/pasaenmendoza.com\/index.php?rest_route=\/wp\/v2\/users\/2"}],"replies":[{"embeddable":true,"href":"https:\/\/pasaenmendoza.com\/index.php?rest_route=%2Fwp%2Fv2%2Fcomments&post=2752"}],"version-history":[{"count":1,"href":"https:\/\/pasaenmendoza.com\/index.php?rest_route=\/wp\/v2\/posts\/2752\/revisions"}],"predecessor-version":[{"id":2754,"href":"https:\/\/pasaenmendoza.com\/index.php?rest_route=\/wp\/v2\/posts\/2752\/revisions\/2754"}],"wp:featuredmedia":[{"embeddable":true,"href":"https:\/\/pasaenmendoza.com\/index.php?rest_route=\/wp\/v2\/media\/2753"}],"wp:attachment":[{"href":"https:\/\/pasaenmendoza.com\/index.php?rest_route=%2Fwp%2Fv2%2Fmedia&parent=2752"}],"wp:term":[{"taxonomy":"category","embeddable":true,"href":"https:\/\/pasaenmendoza.com\/index.php?rest_route=%2Fwp%2Fv2%2Fcategories&post=2752"},{"taxonomy":"post_tag","embeddable":true,"href":"https:\/\/pasaenmendoza.com\/index.php?rest_route=%2Fwp%2Fv2%2Ftags&post=2752"}],"curies":[{"name":"wp","href":"https:\/\/api.w.org\/{rel}","templated":true}]}}