{"id":2755,"date":"2023-11-03T14:13:24","date_gmt":"2023-11-03T13:13:24","guid":{"rendered":"https:\/\/pasaenmendoza.com\/?p=2755"},"modified":"2023-11-03T14:13:25","modified_gmt":"2023-11-03T13:13:25","slug":"temen-que-las-heladas-tardias-de-la-madrugada-hayan-afectado-los-cultivos","status":"publish","type":"post","link":"https:\/\/pasaenmendoza.com\/?p=2755","title":{"rendered":"Temen que las heladas tard\u00edas de la madrugada hayan afectado los cultivos"},"content":{"rendered":"\n<p>Las temperaturas bajo cero que se registraron en la noche de este jueves y madrugada de este viernes, podr\u00edan haber perjudicado los cultivos. Realizan un relevamiento de da\u00f1os.<\/p>\n\n\n\n<p>Desde la\u00a0Direcci\u00f3n de Contingencias Clim\u00e1ticas de Mendoza\u00a0informaron que m\u00ednimas m\u00e1s bajas se detectaron en el Sur de la provincia.<\/p>\n\n\n\n<p>Por ejemplo, en el Este provincia, en Jun\u00edn 1.5\u00b0, en las localidades de Los Campamentos y en el departamento de Santa Rosa, la temperatura m\u00ednima fue de -0.7\u00b0 ; en Perdriel -1\u00b0, en Medrano 1\u00b0.&nbsp;<\/p>\n\n\n\n<p>Por su parte, en el Valle de Uco, en Tupungato, en la localidad de Dubois fue de -0,5\u00b0, en El Peral -0,2\u00b0; en Tunuy\u00e1n, Agua Amarga -0,2\u00b0, Vista Flores -1\u00b0, villa cabecera de Tunuy\u00e1n -2\u00b0; y en San Carlos, en La Consulta -0,5\u00b0, El Cepillo -0,8\u00b0,\u00a0en Tres Esquinas -2\u00b0.\u00a0<\/p>\n\n\n\n<p>Por \u00faltimo, en el Sur de Mendoza, en San Rafael y General Alvear, las m\u00ednimas fueron entre -1\u00b0 y -2\u00b0.<\/p>\n\n\n\n<p>Durante la jornada de este viernes se realizar\u00e1 un relevamiento con los productores para evaluar los da\u00f1os de esta helada tard\u00eda teniendo en cuenta que los cultivos ya est\u00e1n avanzados.<\/p>\n\n\n\n<p><strong>Fuente: www.mendozapost.com<\/strong><\/p>\n","protected":false},"excerpt":{"rendered":"<p>Las temperaturas bajo cero que se registraron en la noche de este jueves y madrugada de este viernes, podr\u00edan haber perjudicado los cultivos. Realizan un relevamiento de da\u00f1os. Desde la\u00a0Direcci\u00f3n de Contingencias Clim\u00e1ticas de Mendoza\u00a0informaron que m\u00ednimas m\u00e1s bajas se detectaron en el Sur de la provincia. Por ejemplo, en el Este provincia, en Jun\u00edn [&hellip;]<\/p>\n","protected":false},"author":2,"featured_media":2756,"comment_status":"open","ping_status":"open","sticky":false,"template":"","format":"standard","meta":[],"categories":[50],"tags":[],"_links":{"self":[{"href":"https:\/\/pasaenmendoza.com\/index.php?rest_route=\/wp\/v2\/posts\/2755"}],"collection":[{"href":"https:\/\/pasaenmendoza.com\/index.php?rest_route=\/wp\/v2\/posts"}],"about":[{"href":"https:\/\/pasaenmendoza.com\/index.php?rest_route=\/wp\/v2\/types\/post"}],"author":[{"embeddable":true,"href":"https:\/\/pasaenmendoza.com\/index.php?rest_route=\/wp\/v2\/users\/2"}],"replies":[{"embeddable":true,"href":"https:\/\/pasaenmendoza.com\/index.php?rest_route=%2Fwp%2Fv2%2Fcomments&post=2755"}],"version-history":[{"count":1,"href":"https:\/\/pasaenmendoza.com\/index.php?rest_route=\/wp\/v2\/posts\/2755\/revisions"}],"predecessor-version":[{"id":2757,"href":"https:\/\/pasaenmendoza.com\/index.php?rest_route=\/wp\/v2\/posts\/2755\/revisions\/2757"}],"wp:featuredmedia":[{"embeddable":true,"href":"https:\/\/pasaenmendoza.com\/index.php?rest_route=\/wp\/v2\/media\/2756"}],"wp:attachment":[{"href":"https:\/\/pasaenmendoza.com\/index.php?rest_route=%2Fwp%2Fv2%2Fmedia&parent=2755"}],"wp:term":[{"taxonomy":"category","embeddable":true,"href":"https:\/\/pasaenmendoza.com\/index.php?rest_route=%2Fwp%2Fv2%2Fcategories&post=2755"},{"taxonomy":"post_tag","embeddable":true,"href":"https:\/\/pasaenmendoza.com\/index.php?rest_route=%2Fwp%2Fv2%2Ftags&post=2755"}],"curies":[{"name":"wp","href":"https:\/\/api.w.org\/{rel}","templated":true}]}}