{"id":2758,"date":"2023-11-03T21:50:13","date_gmt":"2023-11-03T20:50:13","guid":{"rendered":"https:\/\/pasaenmendoza.com\/?p=2758"},"modified":"2023-11-03T22:09:37","modified_gmt":"2023-11-03T21:09:37","slug":"sergio-massa-se-reunio-con-rodolfo-suarez-en-casa-de-gobierno-de-que-hablaron","status":"publish","type":"post","link":"https:\/\/pasaenmendoza.com\/?p=2758","title":{"rendered":"Sergio Massa se reuni\u00f3 con Rodolfo Suarez en Casa de Gobierno: de qu\u00e9 hablaron"},"content":{"rendered":"\n<p>El funcionario mantuvo reuniones con el gobernador de Mendoza: se firm\u00f3 una ayuda financiera para afrontar los da\u00f1os tras el Zonda y Massa se comprometi\u00f3 a destrabar el subsidio del transporte.<\/p>\n\n\n\n<p><strong>Sergio Massa\u00a0<\/strong>est\u00e1 en Mendoza. El actual ministro de Econom\u00eda del Gobierno nacional y candidato a presidente de Uni\u00f3n por la Patria se reuni\u00f3 con el gobernador\u00a0<strong>Rodolfo Suarez<\/strong>\u00a0en Casa de Gobierno de calle Peltier, de la Ciudad de Mendoza, y desde las 16.30 realizar\u00e1 en el Hotel Esplendor, del Arena Maip\u00fa.\u00a0<\/p>\n\n\n\n<p>&#8220;Venimos a desembolsar recursos para paliar la situaci\u00f3n que se dio por los incendios&#8221;, precis\u00f3 el funcionario nacional a la salida del edificio estatal, en referencia a los graves&nbsp;<strong>incendios&nbsp;<\/strong>que afectaron el pedemonte de Las Heras, Luj\u00e1n de Cuyo y la Ciudad de Mendoza entre s\u00e1bado, domingo y lunes pasado, a ra\u00edz de las fuert\u00edsimas r\u00e1fagas de<strong>&nbsp;viento Zonda<\/strong>&nbsp;que se registraron durante cerca de 48 horas en casi toda la provincia.&nbsp;<\/p>\n\n\n\n<p>Fuentes del Gobierno de Mendoza indicaron que &#8220;el encuentro institucional tuvo como objetivo recibir la ayuda financiera por $3.500 millones en asistencia para afrontar los da\u00f1os provocados por el fen\u00f3meno clim\u00e1tico que azot\u00f3 a la provincia el pasado 28 y 29 de octubre&#8221;.<\/p>\n\n\n\n<p><strong>Rodolfo Suarez<\/strong>&nbsp;confirm\u00f3 que parte de lo solicitado tambi\u00e9n ser\u00e1 destinado para asistir financieramente en la recuperaci\u00f3n de la f\u00e1brica de pl\u00e1sticos Plastiandino que se incendi\u00f3 a fines de mayo, provocando p\u00e9rdidas millonarias en el departamento de San Rafael. La entidad, que inici\u00f3 sus actividades en 1972, es una de las m\u00e1s importantes de Mendoza y clave en la industria.<\/p>\n\n\n\n<p>La pol\u00e9mica por la no llegada de fondos de la Naci\u00f3n a Mendoza en materia transporte, las denuncias cruzadas y los comunicados entre el Gobierno provincial y el nacional son parte de la agenda pol\u00edtica desde hace d\u00edas. En ese contexto, Rodolfo Suarez&nbsp;pidi\u00f3 la regularizaci\u00f3n de los subsidios para el transporte p\u00fablico provincial, que permitir\u00e1 el normal funcionamiento de la cadena de pagos, y obtuvo &#8220;el compromiso de solucionar el problema por parte del ministro Massa que anunci\u00f3 que los fondos adeudados ser\u00e1n enviados a partir del lunes&#8221;, indicaron tambi\u00e9n desde prensa del Gobierno de Mendoza.<\/p>\n\n\n\n<p>Por otro lado, el primer mandatario tambi\u00e9n solicit\u00f3 la ampliaci\u00f3n del pr\u00e9stamo del Fondo Fiduciario de Infraestructura Provincial por 3000 millones de pesos, que se destinar\u00e1n a la red terciaria de Tunuy\u00e1n. Esta obra beneficia a m\u00e1s de 1000 productores agr\u00edcolas de la zona y genera empleo local.<\/p>\n\n\n\n<p>Finalmente, se analiz\u00f3 la situaci\u00f3n de las obras de agua y saneamiento financiadas por el Enohsa (Ente Nacional De Obras H\u00eddricas De Saneamiento), que adeuda a la provincia 1500 millones de pesos y que ha generado problemas de pago a las empresas contratistas. Entre las obras afectadas, se encuentran dos en San Rafael: la ampliaci\u00f3n de la planta de tratamiento de l\u00edquidos cloacales y la ampliaci\u00f3n de la red de agua potable. El gobernador Suarez solicit\u00f3 al ministro Massa que interceda ante el organismo nacional para destrabar los fondos y garantizar la continuidad de las obras.<\/p>\n\n\n\n<p>La visita de&nbsp;<strong>Sergio Massa<\/strong>&nbsp;a Mendoza estaba programada para el pasado mi\u00e9rcoles y se posterg\u00f3 para hoy. Contar\u00e1 adem\u00e1s con un acto en el Arena Maip\u00fa, el cual comenzar\u00e1 cerca de las 16.30 de este viernes, concretamente en el Hotel Esplendor.<\/p>\n\n\n\n<p>FUENTE: Mdzonline.<\/p>\n","protected":false},"excerpt":{"rendered":"<p>El funcionario mantuvo reuniones con el gobernador de Mendoza: se firm\u00f3 una ayuda financiera para afrontar los da\u00f1os tras el Zonda y Massa se comprometi\u00f3 a destrabar el subsidio del transporte. Sergio Massa\u00a0est\u00e1 en Mendoza. El actual ministro de Econom\u00eda del Gobierno nacional y candidato a presidente de Uni\u00f3n por la Patria se reuni\u00f3 con [&hellip;]<\/p>\n","protected":false},"author":2,"featured_media":2759,"comment_status":"open","ping_status":"open","sticky":true,"template":"","format":"standard","meta":[],"categories":[47],"tags":[],"_links":{"self":[{"href":"https:\/\/pasaenmendoza.com\/index.php?rest_route=\/wp\/v2\/posts\/2758"}],"collection":[{"href":"https:\/\/pasaenmendoza.com\/index.php?rest_route=\/wp\/v2\/posts"}],"about":[{"href":"https:\/\/pasaenmendoza.com\/index.php?rest_route=\/wp\/v2\/types\/post"}],"author":[{"embeddable":true,"href":"https:\/\/pasaenmendoza.com\/index.php?rest_route=\/wp\/v2\/users\/2"}],"replies":[{"embeddable":true,"href":"https:\/\/pasaenmendoza.com\/index.php?rest_route=%2Fwp%2Fv2%2Fcomments&post=2758"}],"version-history":[{"count":2,"href":"https:\/\/pasaenmendoza.com\/index.php?rest_route=\/wp\/v2\/posts\/2758\/revisions"}],"predecessor-version":[{"id":2770,"href":"https:\/\/pasaenmendoza.com\/index.php?rest_route=\/wp\/v2\/posts\/2758\/revisions\/2770"}],"wp:featuredmedia":[{"embeddable":true,"href":"https:\/\/pasaenmendoza.com\/index.php?rest_route=\/wp\/v2\/media\/2759"}],"wp:attachment":[{"href":"https:\/\/pasaenmendoza.com\/index.php?rest_route=%2Fwp%2Fv2%2Fmedia&parent=2758"}],"wp:term":[{"taxonomy":"category","embeddable":true,"href":"https:\/\/pasaenmendoza.com\/index.php?rest_route=%2Fwp%2Fv2%2Fcategories&post=2758"},{"taxonomy":"post_tag","embeddable":true,"href":"https:\/\/pasaenmendoza.com\/index.php?rest_route=%2Fwp%2Fv2%2Ftags&post=2758"}],"curies":[{"name":"wp","href":"https:\/\/api.w.org\/{rel}","templated":true}]}}