{"id":2761,"date":"2023-11-03T21:56:17","date_gmt":"2023-11-03T20:56:17","guid":{"rendered":"https:\/\/pasaenmendoza.com\/?p=2761"},"modified":"2023-11-03T21:56:19","modified_gmt":"2023-11-03T20:56:19","slug":"ampros-rechazo-la-propuesta-del-gobierno-y-analiza-medidas-de-fuerza-para-la-semana-proxima","status":"publish","type":"post","link":"https:\/\/pasaenmendoza.com\/?p=2761","title":{"rendered":"Ampros rechaz\u00f3 la propuesta del Gobierno y analiza medidas de fuerza para la semana pr\u00f3xima"},"content":{"rendered":"\n<p>Desde el gremio de la salud se\u00f1alaron que la propuesta est\u00e1 muy por debajo de la inflaci\u00f3n. El lunes definir\u00e1n en asamblea los pasos a seguir.<\/p>\n\n\n\n<p>Este viernes el&nbsp;<strong>Gobierno<\/strong>&nbsp;de la provincia y la&nbsp;<strong>Asociaci\u00f3n Mendocina de Profesionales de la Salud (Ampros)&nbsp;<\/strong>se reunieron en el segundo encuentro de paritarias, correspondiente al mes de octubre.<\/p>\n\n\n\n<p>Ampros rechaz\u00f3 la propuesta llevada por el cuerpo negociador de la provincia, y&nbsp;<mark>este lunes se reunir\u00e1n en asambleas para determinar posibles medidas de fuerza, lo que podr\u00eda incluir un paro de actividades.<\/mark><\/p>\n\n\n\n<p>La oferta que acerc\u00f3 la provincia<mark>\u00a0otorgaba un aumento del 14% sobre la asignaci\u00f3n de clase para los meses de noviembre y diciembre, calculado sobre la base de diciembre de 2022.<\/mark><\/p>\n\n\n\n<p>En tanto, durante el primer trimestre de 2024, se propuso un incremento para los meses de enero, febrero y marzo de 2024 del 5,8% mensual, calculado sobre la asignaci\u00f3n de clase de diciembre de 2023, no acumulativo. Adem\u00e1s, estipulaba que la pr\u00f3xima reuni\u00f3n paritaria ser\u00eda el 3 de abril del a\u00f1o pr\u00f3ximo, aunque si el dato de inflaci\u00f3n acumulada de los dos primeros meses del a\u00f1o superara el 12%, se adelantar\u00eda la mesa paritaria.<\/p>\n\n\n\n<p><em>\u201cLa propuesta no logra compensar la p\u00e9rdida del poder adquisitivo del salario, que se debe a la falta de recomposici\u00f3n salarial del a\u00f1o 2020, lo cual produjo una ca\u00edda en los ingresos de hasta un 40%, ni contempla la p\u00e9rdida del poder adquisitivo de salario del a\u00f1o en curso\u201d<\/em>, asegur\u00f3 la secretaria general del gremio, Claudia Iturbe, quien adem\u00e1s, tild\u00f3 la oferta de \u201cvergonzosa\u201d.<\/p>\n\n\n\n<p>Iturbe asegur\u00f3 que para el \u201c<em>Gobierno de Mendoza el salario de los profesionales de la salud es la variable de ajuste<\/em>\u201c, e insistieron que el actual estado del sistema de salud p\u00fablica se encuentra en una situaci\u00f3n cr\u00edtica y fomenta que los profesionales se vayan a otras jurisdicciones o al sector privado.<\/p>\n\n\n\n<p>En tanto, este lunes se convoc\u00f3 a una asamblea de delegados a partir de las 9 en donde definir\u00e1n las acciones y medidas de fuerza a seguir.<\/p>\n\n\n\n<p>FUENTE: elsol.com.ar<\/p>\n","protected":false},"excerpt":{"rendered":"<p>Desde el gremio de la salud se\u00f1alaron que la propuesta est\u00e1 muy por debajo de la inflaci\u00f3n. El lunes definir\u00e1n en asamblea los pasos a seguir. Este viernes el&nbsp;Gobierno&nbsp;de la provincia y la&nbsp;Asociaci\u00f3n Mendocina de Profesionales de la Salud (Ampros)&nbsp;se reunieron en el segundo encuentro de paritarias, correspondiente al mes de octubre. Ampros rechaz\u00f3 la [&hellip;]<\/p>\n","protected":false},"author":2,"featured_media":2762,"comment_status":"open","ping_status":"open","sticky":true,"template":"","format":"standard","meta":[],"categories":[47],"tags":[],"_links":{"self":[{"href":"https:\/\/pasaenmendoza.com\/index.php?rest_route=\/wp\/v2\/posts\/2761"}],"collection":[{"href":"https:\/\/pasaenmendoza.com\/index.php?rest_route=\/wp\/v2\/posts"}],"about":[{"href":"https:\/\/pasaenmendoza.com\/index.php?rest_route=\/wp\/v2\/types\/post"}],"author":[{"embeddable":true,"href":"https:\/\/pasaenmendoza.com\/index.php?rest_route=\/wp\/v2\/users\/2"}],"replies":[{"embeddable":true,"href":"https:\/\/pasaenmendoza.com\/index.php?rest_route=%2Fwp%2Fv2%2Fcomments&post=2761"}],"version-history":[{"count":1,"href":"https:\/\/pasaenmendoza.com\/index.php?rest_route=\/wp\/v2\/posts\/2761\/revisions"}],"predecessor-version":[{"id":2763,"href":"https:\/\/pasaenmendoza.com\/index.php?rest_route=\/wp\/v2\/posts\/2761\/revisions\/2763"}],"wp:featuredmedia":[{"embeddable":true,"href":"https:\/\/pasaenmendoza.com\/index.php?rest_route=\/wp\/v2\/media\/2762"}],"wp:attachment":[{"href":"https:\/\/pasaenmendoza.com\/index.php?rest_route=%2Fwp%2Fv2%2Fmedia&parent=2761"}],"wp:term":[{"taxonomy":"category","embeddable":true,"href":"https:\/\/pasaenmendoza.com\/index.php?rest_route=%2Fwp%2Fv2%2Fcategories&post=2761"},{"taxonomy":"post_tag","embeddable":true,"href":"https:\/\/pasaenmendoza.com\/index.php?rest_route=%2Fwp%2Fv2%2Ftags&post=2761"}],"curies":[{"name":"wp","href":"https:\/\/api.w.org\/{rel}","templated":true}]}}