{"id":2764,"date":"2023-11-03T22:01:25","date_gmt":"2023-11-03T21:01:25","guid":{"rendered":"https:\/\/pasaenmendoza.com\/?p=2764"},"modified":"2023-11-03T22:01:26","modified_gmt":"2023-11-03T21:01:26","slug":"orozco-pego-el-faltazo-para-dar-explicaciones-por-el-conflicto-con-la-basura","status":"publish","type":"post","link":"https:\/\/pasaenmendoza.com\/?p=2764","title":{"rendered":"Orozco peg\u00f3 el faltazo para dar explicaciones por el conflicto con la basura"},"content":{"rendered":"\n<p>El intendente de Las Heras, Daniel Orozco, hab\u00eda sido citado al Concejo Deliberante para dar explicaciones del conflicto con la\u00a0recolecci\u00f3n de residuos\u00a0que tuvo a los vecinos sin el servicio por varios d\u00edas. Pero no fue.<\/p>\n\n\n\n<p>Por eso, los concejales del bloque Cambia Mendoza del Concejo Deliberante de Las Heras, Eliana D\u00edaz Gonz\u00e1lez, Daiana Gatica y Hern\u00e1n Quevedo, emitieron un comunicado donde manifestaron su &#8220;preocupaci\u00f3n por falta de di\u00e1logo&#8221;.<\/p>\n\n\n\n<p>Los ediles hab\u00eda pedido una sesi\u00f3n especial para este jueves 2 de noviembre con una semana de anticipaci\u00f3n para que el jefe comunal d\u00e9 un informe y explicaciones por el conflicto en la recolecci\u00f3n de residuos. Sin embargo, no se present\u00f3 en el recinto.<\/p>\n\n\n\n<p>&#8220;Queremos manifestar nuestra&nbsp;<strong>preocupaci\u00f3n por la falta de di\u00e1logo&nbsp;<\/strong>y las evasiones argumentativas del intendente ante el Concejo Deliberante de su municipio sobre \u00e1reas de gesti\u00f3n que afectan negativamente a nuestra comunidad. A pesar de los reiterados pedidos de informaci\u00f3n que hemos realizado como representantes legislativos de nuestros vecinos, el se\u00f1or Daniel Orozco ha optado por el silencio, dejando a los ciudadanos en una total desinformaci\u00f3n&#8221;, se\u00f1alaron los concejales en su comunicado.<\/p>\n\n\n\n<p>Aseguran que el intendente se niega a brindar explicaciones acerca del conflicto en la basura que caus\u00f3 da\u00f1os y malestar en todo el departamento durante casi una semana, &#8220;dejando sin un servicio municipal tan esencial a las familias lasherinas&#8221;.<\/p>\n\n\n\n<p>&#8220;El problema en cuesti\u00f3n afecta directamente a todos y cada uno de los habitantes de nuestro departamento, y es de exclusiva responsabilidad del gobierno local garantizar un servicio de recolecci\u00f3n de residuos adecuado y eficiente, as\u00ed como la correcta gesti\u00f3n de los mismos&#8221;, indicaron y a\u00f1adieron: &#8220;La falta de transparencia y comunicaci\u00f3n por parte del intendente no hace m\u00e1s que&nbsp;<strong>aumentar la incertidumbre&nbsp;<\/strong>en nuestra comunidad, as\u00ed como -por supuesto- en el Honorable Concejo Deliberante de Las Heras&#8221;.<\/p>\n\n\n\n<p>Por \u00faltimo, manifestaron que la falta de explicaciones solo &#8220;socava la confianza de la comunidad en el gobierno local, y dificulta la b\u00fasqueda de soluciones efectivas. Seguiremos exigiendo transparencia y responsabilidad&#8221;.<\/p>\n\n\n\n<p>FUENTE: mendozapost.<\/p>\n","protected":false},"excerpt":{"rendered":"<p>El intendente de Las Heras, Daniel Orozco, hab\u00eda sido citado al Concejo Deliberante para dar explicaciones del conflicto con la\u00a0recolecci\u00f3n de residuos\u00a0que tuvo a los vecinos sin el servicio por varios d\u00edas. Pero no fue. Por eso, los concejales del bloque Cambia Mendoza del Concejo Deliberante de Las Heras, Eliana D\u00edaz Gonz\u00e1lez, Daiana Gatica y [&hellip;]<\/p>\n","protected":false},"author":2,"featured_media":2765,"comment_status":"open","ping_status":"open","sticky":true,"template":"","format":"standard","meta":[],"categories":[47],"tags":[],"_links":{"self":[{"href":"https:\/\/pasaenmendoza.com\/index.php?rest_route=\/wp\/v2\/posts\/2764"}],"collection":[{"href":"https:\/\/pasaenmendoza.com\/index.php?rest_route=\/wp\/v2\/posts"}],"about":[{"href":"https:\/\/pasaenmendoza.com\/index.php?rest_route=\/wp\/v2\/types\/post"}],"author":[{"embeddable":true,"href":"https:\/\/pasaenmendoza.com\/index.php?rest_route=\/wp\/v2\/users\/2"}],"replies":[{"embeddable":true,"href":"https:\/\/pasaenmendoza.com\/index.php?rest_route=%2Fwp%2Fv2%2Fcomments&post=2764"}],"version-history":[{"count":1,"href":"https:\/\/pasaenmendoza.com\/index.php?rest_route=\/wp\/v2\/posts\/2764\/revisions"}],"predecessor-version":[{"id":2766,"href":"https:\/\/pasaenmendoza.com\/index.php?rest_route=\/wp\/v2\/posts\/2764\/revisions\/2766"}],"wp:featuredmedia":[{"embeddable":true,"href":"https:\/\/pasaenmendoza.com\/index.php?rest_route=\/wp\/v2\/media\/2765"}],"wp:attachment":[{"href":"https:\/\/pasaenmendoza.com\/index.php?rest_route=%2Fwp%2Fv2%2Fmedia&parent=2764"}],"wp:term":[{"taxonomy":"category","embeddable":true,"href":"https:\/\/pasaenmendoza.com\/index.php?rest_route=%2Fwp%2Fv2%2Fcategories&post=2764"},{"taxonomy":"post_tag","embeddable":true,"href":"https:\/\/pasaenmendoza.com\/index.php?rest_route=%2Fwp%2Fv2%2Ftags&post=2764"}],"curies":[{"name":"wp","href":"https:\/\/api.w.org\/{rel}","templated":true}]}}