{"id":2767,"date":"2023-11-03T22:07:35","date_gmt":"2023-11-03T21:07:35","guid":{"rendered":"https:\/\/pasaenmendoza.com\/?p=2767"},"modified":"2023-11-03T22:07:44","modified_gmt":"2023-11-03T21:07:44","slug":"metrotranvia-sin-apoyo-del-demarchismo-el-pd-y-los-verdes-suarez-ahora-necesita-del-pj","status":"publish","type":"post","link":"https:\/\/pasaenmendoza.com\/?p=2767","title":{"rendered":"Metrotranv\u00eda: sin apoyo del demarchismo, el PD y los Verdes, Suarez ahora necesita del PJ"},"content":{"rendered":"\n<p>A Cambia Mendoza no le alcanzan sus votos en Diputados para lograr los dos tercios. Casi toda la oposici\u00f3n ya defini\u00f3 estar en contra, por lo que ahora necesitan s\u00ed o s\u00ed del voto peronista<\/p>\n\n\n\n<p><strong>Cambia Mendoza<\/strong>\u00a0est\u00e1 obligado a negociar con el Partido Justicialista si quiere lograr el endeudamiento para el\u00a0<strong>Metrotranv\u00eda<\/strong>. El\u00a0<strong>Presupuesto 2024<\/strong>\u00a0se votar\u00e1 en breve y el oficialismo busca tomar 29 mil millones de pesos para ampliar la traza hacia el aeropuerto y Luj\u00e1n. Sin embargo, tanto el demarchismo, como los Dem\u00f3cratas y el Partido Verde ya dijeron que votar\u00e1n en contra en Diputados. Ahora, la \u00fanica chance del\u00a0<strong>Gobierno\u00a0<\/strong>para avanzar y obtener financiamiento es lograr votos peronistas en ese recinto.<\/p>\n\n\n\n<p><strong>Para que Cornejo pueda avanzar con un alargamiento del trazado en 2024<\/strong>&nbsp;se necesita de esos&nbsp;<strong>bonos verdes<\/strong>&nbsp;que vendr\u00edan con dinero para ponerlos en marcha. Al menos as\u00ed lo entienden sus fuerzas en la&nbsp;<strong>Legislatura&nbsp;<\/strong>y su propio secretario de Servicios P\u00fablicos, Natalio Mema. El problema del frente gobernante es que llegan a s\u00f3lo&nbsp;<strong>25 manos levantadas&nbsp;<\/strong>en&nbsp;<strong>Diputados<\/strong>&nbsp;y necesitan dos tercios para poder aprobar esa jugada financiera. Ya que todo endeudamiento<strong>&nbsp;o roll over precisa de mayor\u00edas especiales en la legislaci\u00f3n mendocina.<\/strong><\/p>\n\n\n\n<p><strong>Con los 20 diputados de la Uni\u00f3n C\u00edvica Radical, m\u00e1s los de los monobloques que tambi\u00e9n forman parte de Cambia,<\/strong>\u00a0por ahora llegan a una cifra insuficiente. Los que se suman son\u00a0<strong>Guillermo Mosso\u00a0<\/strong>\u2013antes de Dem\u00f3cratas en el Frente y ahora lisa y llanamente del PRO bullrichista-,\u00a0<strong>Jos\u00e9 Mar\u00eda Videla S\u00e1enz,<\/strong>\u00a0del Partido Renovador Federal;\u00a0<strong>Josefina Canale<\/strong>, del Partido Dem\u00f3crata Progresista; Enrique Thomas del PRO y el sancarlino\u00a0<strong>Mauricio Torres,<\/strong>\u00a0de Hacer por Mendoza.<\/p>\n\n\n\n<p>Del otro lado tendr\u00e1 en contra a&nbsp;<strong>Gustavo Cairo, \u201cLula\u201d Balsells Mir\u00f3 y Gabriel Vilche<\/strong>&nbsp;del PRO demarchista (es decir, La Uni\u00f3n Mendocina) y a dos aliados m\u00e1s del lujanino, enemistado desde hace meses con Cornejo:<strong>&nbsp;Mercedes Llano del Partido Dem\u00f3crata y Jorge Difonso, del Frente Renovador &#8211; Uni\u00f3n Popular.<\/strong>&nbsp;Este \u00faltimo se descuenta en esa posici\u00f3n contraria, aunque sus colaboradores dicen que tiene que estudiar el proyecto m\u00e1s a fondo antes de emitir su postura.<\/p>\n\n\n\n<p><strong>\u201cLa Uni\u00f3n Mendocina deber\u00eda votarlo a favor, porque el a\u00f1o pasado Sebasti\u00e1n Bragagnolo lo ped\u00eda insistentemente\u201d, se quej\u00f3 a UNO<\/strong>\u00a0el titular de la C\u00e1mara de Diputados,\u00a0<strong>Andr\u00e9s Lombardi.<\/strong>\u00a0Su reclamo fue en consonancia con lo que la propia fuerza oficialista hab\u00eda marcado en el recinto: horas antes hasta reenviaron tuits de 2022 en los que\u00a0<strong>el intendente lujanino festejaba que la traza llegase hasta esa comuna.<\/strong>\u00a0\u201cDar la pelea vali\u00f3 la pena\u201d, refer\u00eda a finales de ese a\u00f1o. De Machi ya estaba mal con el Ejecutivo, pero a\u00fan no se iba de la coalici\u00f3n.<\/p>\n\n\n\n<h2 class=\"wp-block-heading\">C\u00f3mo ser\u00e1 la b\u00fasqueda del voto peronista<\/h2>\n\n\n\n<p><strong>En el Partido Justicialista por lo pronto no dan definiciones.\u00a0<\/strong>Conocedores de que el Gobierno tiene que conseguir su aval, esperar\u00e1n a que el oficialismo\u00a0<strong>haga sus propios movimientos para buscar su apoyo<\/strong>. \u201cEstamos trabajando en eso\u201d, fue la \u00fanica respuesta del jefe de la bancada mayoritaria que tiene la oposici\u00f3n<strong>, Germ\u00e1n G\u00f3mez.\u00a0<\/strong>A pesar de ciertas versiones que apuntaban a eso, desde el sector de los intendentes y desde los colaboradores de Anabel Fern\u00e1ndez Sagasti neegaron a\u00a0<strong>UNO\u00a0<\/strong>que hubiesen existido encuentros para discutir el asunto.<\/p>\n\n\n\n<p>Lo que s\u00ed queda claro es que los<strong>&nbsp;jefes comunales,<\/strong>&nbsp;la presidenta del partido,<strong>&nbsp;Flor Dest\u00e9fanis<\/strong>, y los peso pesado como la mencionada&nbsp;<strong>Sagasti&nbsp;<\/strong>son los que tienen poder de&nbsp;<strong>tracci\u00f3n&nbsp;<\/strong>en el camino que vaya a tomarse.<\/p>\n\n\n\n<p><strong>\u201cSabemos que a las comunas gobernadas por el peronismo les interesa reclamarle a Suarez<\/strong>&nbsp;por algunas&nbsp;<strong>obras&nbsp;<\/strong>en esos departamentos. Cosas que todav\u00eda est\u00e1n esperando. Es probable que&nbsp;<strong>algo de ese malestar, y el pedido por que se avance en eso,<\/strong>&nbsp;terminen col\u00e1ndose en el trajin de la negociaci\u00f3n\u201d, coment\u00f3 otro de los&nbsp;<strong>legisladores<\/strong>&nbsp;que tiene el justicialismo y que por ahora no mueve el pulgar ni hacia abajo ni hacia arriba.<\/p>\n\n\n\n<p><strong>El frente se compone tambi\u00e9n del monobloque de Jos\u00e9 Luis Ram\u00f3n, Protectora.\u00a0<\/strong>El ex diputado nacional contest\u00f3 a este medio que, por el momento, la medida no tiene su visto bueno, aunque<strong>\u00a0no cerr\u00f3 la puerta\u00a0<\/strong>a la posibilidad de finalmente aprobar el endeudamiento: \u201cEn principio, ante la falta de\u00a0<strong>respuestas por parte de los ministros, es en contra.<\/strong>\u00a0Y en el medio llevaron al boleto de transporte a las nubes.\u00a0<strong>Dif\u00edcil darles m\u00e1s poder\u201d<\/strong>, contest\u00f3 Ram\u00f3n.<\/p>\n\n\n\n<p><strong>Fugazzotto (Partido Verde)<\/strong>&nbsp;se quej\u00f3 de que el endeudamiento contemple la chance de hacerse en d\u00f3lares y<strong>&nbsp;Mercedes Llano<\/strong>&nbsp;dijo que la misma obra se pod\u00eda hacer achicando&nbsp;<strong>el &#8220;despilfarro oficial&#8221;<\/strong><\/p>\n\n\n\n<p>El oficialismo\u00a0<strong>no larga prenda respecto a qu\u00e9 estrategias utilizar\u00e1 para convencerlos<\/strong>, aunque se sabe que avanzar\u00e1 en busca de esos consensos. Con el \u201cs\u00ed\u201d opositor, Cambia Mendoza se garantiza la toma de deuda por 29 mil millones de pesos, que le permitir\u00eda avanzar hasta un 30% o m\u00e1s en sus planes para el Metrotranv\u00eda durante 2024. Paso fundamental pa<strong>ra hacer que de ac\u00e1 al pr\u00f3ximo lustro ese medio de transporte pueda conectar el Aeropuerto con zonas de Luj\u00e1n de Cuyo.<\/strong><\/p>\n\n\n\n<p>FUENTE: diariouno.com.ar <\/p>\n","protected":false},"excerpt":{"rendered":"<p>A Cambia Mendoza no le alcanzan sus votos en Diputados para lograr los dos tercios. Casi toda la oposici\u00f3n ya defini\u00f3 estar en contra, por lo que ahora necesitan s\u00ed o s\u00ed del voto peronista Cambia Mendoza\u00a0est\u00e1 obligado a negociar con el Partido Justicialista si quiere lograr el endeudamiento para el\u00a0Metrotranv\u00eda. El\u00a0Presupuesto 2024\u00a0se votar\u00e1 en [&hellip;]<\/p>\n","protected":false},"author":2,"featured_media":2768,"comment_status":"open","ping_status":"open","sticky":true,"template":"","format":"standard","meta":[],"categories":[47],"tags":[],"_links":{"self":[{"href":"https:\/\/pasaenmendoza.com\/index.php?rest_route=\/wp\/v2\/posts\/2767"}],"collection":[{"href":"https:\/\/pasaenmendoza.com\/index.php?rest_route=\/wp\/v2\/posts"}],"about":[{"href":"https:\/\/pasaenmendoza.com\/index.php?rest_route=\/wp\/v2\/types\/post"}],"author":[{"embeddable":true,"href":"https:\/\/pasaenmendoza.com\/index.php?rest_route=\/wp\/v2\/users\/2"}],"replies":[{"embeddable":true,"href":"https:\/\/pasaenmendoza.com\/index.php?rest_route=%2Fwp%2Fv2%2Fcomments&post=2767"}],"version-history":[{"count":1,"href":"https:\/\/pasaenmendoza.com\/index.php?rest_route=\/wp\/v2\/posts\/2767\/revisions"}],"predecessor-version":[{"id":2769,"href":"https:\/\/pasaenmendoza.com\/index.php?rest_route=\/wp\/v2\/posts\/2767\/revisions\/2769"}],"wp:featuredmedia":[{"embeddable":true,"href":"https:\/\/pasaenmendoza.com\/index.php?rest_route=\/wp\/v2\/media\/2768"}],"wp:attachment":[{"href":"https:\/\/pasaenmendoza.com\/index.php?rest_route=%2Fwp%2Fv2%2Fmedia&parent=2767"}],"wp:term":[{"taxonomy":"category","embeddable":true,"href":"https:\/\/pasaenmendoza.com\/index.php?rest_route=%2Fwp%2Fv2%2Fcategories&post=2767"},{"taxonomy":"post_tag","embeddable":true,"href":"https:\/\/pasaenmendoza.com\/index.php?rest_route=%2Fwp%2Fv2%2Ftags&post=2767"}],"curies":[{"name":"wp","href":"https:\/\/api.w.org\/{rel}","templated":true}]}}