{"id":2774,"date":"2023-11-06T13:36:44","date_gmt":"2023-11-06T12:36:44","guid":{"rendered":"https:\/\/pasaenmendoza.com\/?p=2774"},"modified":"2023-11-06T13:36:45","modified_gmt":"2023-11-06T12:36:45","slug":"la-semana-inicia-con-zonda-y-mas-de-30-grados-en-mendoza","status":"publish","type":"post","link":"https:\/\/pasaenmendoza.com\/?p=2774","title":{"rendered":"La semana inicia con Zonda y m\u00e1s de 30 grados en Mendoza"},"content":{"rendered":"\n<p>Este lunes, los mendocinos dar\u00e1n inicio a una semana con m\u00e1ximas que bordear\u00e1n y en algunos casos superar\u00e1n la l\u00ednea de 30 grados. Adem\u00e1s, el\u00a0<strong>viento Zonda<\/strong>\u00a0se har\u00e1 sentir en distintos puntos del mapa provincial.<\/p>\n\n\n\n<p>La\u00a0Direcci\u00f3n de Contingencias Clim\u00e1ticas\u00a0inform\u00f3 que para este lunes hay que esperar un d\u00eda caluroso, con poca nubosidad y ascenso de la\u00a0<strong>temperatura<\/strong>.<\/p>\n\n\n\n<p>El\u00a0<strong>pron\u00f3stico<\/strong>\u00a0del\u00a0<strong>tiempo<\/strong>\u00a0indica que habr\u00e1 viento Zonda en precordillera y en Malarg\u00fce. Para el Valle de Uco, por otro lado, se espera Zonda d\u00e9bil. Y en el sur de la provincia se producir\u00edan tormentas durante la noche.<\/p>\n\n\n\n<p>La temperatura m\u00ednima ser\u00e1 de 13 grados, mientras que la m\u00e1xima se ubicar\u00e1 en torno a 34 grados.<\/p>\n\n\n\n<p><strong>Pron\u00f3stico extendido para Mendoza<\/strong><\/p>\n\n\n\n<p>Para el martes 7 de noviembre se espera un d\u00eda algo nublado con descenso de la\u00a0<strong>temperatura<\/strong>\u00a0y vientos moderados del sudeste. La m\u00ednima ser\u00e1 de 17 grados, y la m\u00e1xima, de 31.<\/p>\n\n\n\n<p>El mi\u00e9rcoles 8 de noviembre habr\u00e1 poca nubosidad con descenso de la\u00a0<strong>temperatura<\/strong>\u00a0y vientos leves del este. La m\u00ednima ser\u00e1 de 12 grados, y la m\u00e1xima, de 27.<\/p>\n\n\n\n<p>El jueves 9 de noviembre ascender\u00e1 la\u00a0<strong>temperatura<\/strong>\u00a0y habr\u00e1 poca nubosidad, adem\u00e1s de vientos leves del noreste. El term\u00f3metro oscilar\u00e1 entre 12 grados de m\u00ednima y 31 de m\u00e1xima.<\/p>\n\n\n\n<p><strong>Fuente: www.mendozapost.com<\/strong><\/p>\n","protected":false},"excerpt":{"rendered":"<p>Este lunes, los mendocinos dar\u00e1n inicio a una semana con m\u00e1ximas que bordear\u00e1n y en algunos casos superar\u00e1n la l\u00ednea de 30 grados. Adem\u00e1s, el\u00a0viento Zonda\u00a0se har\u00e1 sentir en distintos puntos del mapa provincial. La\u00a0Direcci\u00f3n de Contingencias Clim\u00e1ticas\u00a0inform\u00f3 que para este lunes hay que esperar un d\u00eda caluroso, con poca nubosidad y ascenso de la\u00a0temperatura. [&hellip;]<\/p>\n","protected":false},"author":2,"featured_media":2775,"comment_status":"open","ping_status":"open","sticky":false,"template":"","format":"standard","meta":[],"categories":[52],"tags":[],"_links":{"self":[{"href":"https:\/\/pasaenmendoza.com\/index.php?rest_route=\/wp\/v2\/posts\/2774"}],"collection":[{"href":"https:\/\/pasaenmendoza.com\/index.php?rest_route=\/wp\/v2\/posts"}],"about":[{"href":"https:\/\/pasaenmendoza.com\/index.php?rest_route=\/wp\/v2\/types\/post"}],"author":[{"embeddable":true,"href":"https:\/\/pasaenmendoza.com\/index.php?rest_route=\/wp\/v2\/users\/2"}],"replies":[{"embeddable":true,"href":"https:\/\/pasaenmendoza.com\/index.php?rest_route=%2Fwp%2Fv2%2Fcomments&post=2774"}],"version-history":[{"count":1,"href":"https:\/\/pasaenmendoza.com\/index.php?rest_route=\/wp\/v2\/posts\/2774\/revisions"}],"predecessor-version":[{"id":2776,"href":"https:\/\/pasaenmendoza.com\/index.php?rest_route=\/wp\/v2\/posts\/2774\/revisions\/2776"}],"wp:featuredmedia":[{"embeddable":true,"href":"https:\/\/pasaenmendoza.com\/index.php?rest_route=\/wp\/v2\/media\/2775"}],"wp:attachment":[{"href":"https:\/\/pasaenmendoza.com\/index.php?rest_route=%2Fwp%2Fv2%2Fmedia&parent=2774"}],"wp:term":[{"taxonomy":"category","embeddable":true,"href":"https:\/\/pasaenmendoza.com\/index.php?rest_route=%2Fwp%2Fv2%2Fcategories&post=2774"},{"taxonomy":"post_tag","embeddable":true,"href":"https:\/\/pasaenmendoza.com\/index.php?rest_route=%2Fwp%2Fv2%2Ftags&post=2774"}],"curies":[{"name":"wp","href":"https:\/\/api.w.org\/{rel}","templated":true}]}}