{"id":2777,"date":"2023-11-06T14:00:44","date_gmt":"2023-11-06T13:00:44","guid":{"rendered":"https:\/\/pasaenmendoza.com\/?p=2777"},"modified":"2023-11-06T14:00:45","modified_gmt":"2023-11-06T13:00:45","slug":"la-fiesta-de-la-vendimia-2024-la-dirigira-pablo-perri-y-se-llamara-coronados-de-historia-y-futuro","status":"publish","type":"post","link":"https:\/\/pasaenmendoza.com\/?p=2777","title":{"rendered":"La Fiesta de la Vendimia 2024 la dirigir\u00e1 Pablo Perri y se llamar\u00e1 &#8220;Coronados de historia y futuro&#8221;"},"content":{"rendered":"\n<p><strong>La\u00a0Fiesta de la Vendimia 2024\u00a0se llamar\u00e1 \u201cCoronados de historia y futuro\u201d y estar\u00e1 dirigida por Pablo Perri<\/strong>, anunciaron desde Cultura. En la etapa final del concurso hab\u00edan quedado s\u00f3lo cinco propuestas.<\/p>\n\n\n\n<p>El&nbsp;<strong>Acto Central&nbsp;<\/strong>se desarrollar\u00e1 en el Teatro Griego Frank Romero Day, el&nbsp;<strong>2, 3 y 4 de marzo<\/strong>.<\/p>\n\n\n\n<p>El<strong>\u00a0guion del espect\u00e1culo fue escrito por Silvia Graciela Moyano<\/strong>. La propuesta fue elegida a trav\u00e9s del concurso p\u00fablico llevado a cabo por el Ministerio de Cultura y Turismo del Gobierno de Mendoza.<\/p>\n\n\n\n<p>La ministra de Cultura y Turismo,&nbsp;<strong>Nora Vicario<\/strong>, coment\u00f3: \u201cCelebramos cada paso que nos acerca a nuestra Vendimia y hoy hemos dado uno de los m\u00e1s importantes. Se defini\u00f3 la propuesta art\u00edstica que se presentar\u00e1 en el Frank Romero Day, despu\u00e9s de un proceso participativo y transparente, con foros de cientos de personas, la publicaci\u00f3n de las bases, la conformaci\u00f3n y el excelente trabajo del jurado y la gran cantidad de equipos en la primera etapa&#8221;<\/p>\n\n\n\n<p>Vicario agrego que &#8220;nuestra comunidad art\u00edstica ha demostrado su pasi\u00f3n y talento al servicio de la fiesta popular m\u00e1s destacada del pa\u00eds. Por eso, felicito a Pedro Perri, el joven director del equipo ganador del espect\u00e1culo \u00b4Coronados de historia y futuro\u00b4 y les agradezco a todos los que participaron. Seguiremos cumpliendo y avanzando con el cronograma planificado con entusiasmo y compromiso hacia la Fiesta Nacional de la Vendimia\u201d.<\/p>\n\n\n\n<h2 class=\"wp-block-heading\">El jurado<\/h2>\n\n\n\n<p>Quienes tuvieron la responsabilidad de elegir al equipo que desarrollar\u00e1 la Fiesta Nacional de la Vendimia 2024 fueron, por el Ministerio de Cultura y Turismo,&nbsp;<strong>Florencia R\u00edos; Fernando Gamez<\/strong>, por el \u00c1rea T\u00e9cnica y&nbsp;<strong>Franco Marchionni<\/strong>, en Historia y Antropolog\u00eda;&nbsp;<strong>Rolando Valverde<\/strong>, en representaci\u00f3n de Infraestructura de la Provincia y&nbsp;<strong>Laura Uano<\/strong>, como representante de directores de Cultura de los departamentos.<\/p>\n\n\n\n<p>Se sumaron, por la Facultad de Artes y Dise\u00f1o de la UNCuyo,\u00a0<strong>Eduardo Grzona<\/strong>;\u00a0<strong>Nicol\u00e1s Gim\u00e9nez<\/strong>, por Argentores Delegaci\u00f3n Mendoza;\u00a0<strong>Pedro Marabini<\/strong>, por exdirectores de la Fiesta Nacional de la Vendimia;\u00a0<strong>Nora Urcullu<\/strong>, como representante elegida de mutuo acuerdo por la Corenave (Comisi\u00f3n de Reinas Nacionales de la Vendimia) y la Covinave (Comisi\u00f3n de Virreinas Nacionales de la Vendimia).<\/p>\n\n\n\n<p>Completan el jurado\u00a0<strong>Andr\u00e9s Garbin<\/strong>, como representante de Hacedores Vendimiales por Foro de Vendimia, propuesta entre los asistentes de los mismos;\u00a0<strong>Adri\u00e1n Biasiori<\/strong>, por Canal Acequia; un representante de las asociaciones de danza vigentes y con personer\u00eda jur\u00eddica certificada ante el Ministerio de Cultura y Turismo,\u00a0<strong>Sara Ver\u00f3n\u00a0<\/strong>(Asociaci\u00f3n Mendocina de Profesionales de la Danza),\u00a0<strong>Patricia Motos\u00a0<\/strong>(Asociaci\u00f3n Civil Movimiento por la Danza),\u00a0<strong>Ana Ortolani\u00a0<\/strong>(Asociaci\u00f3n So\u00f1arte),\u00a0<strong>Lucia Gui\u00f1ez<\/strong>\u00a0(Asociaci\u00f3n Uco-Hu\u00e9); un representante de las asociaciones y\/o sindicatos de m\u00fasicos vigentes y con personer\u00eda jur\u00eddica certificada ante el Ministerio de Cultura y Turismo,\u00a0<strong>Ra\u00fal Riveros<\/strong>\u00a0(Movimiento Independiente de M\u00fasicos Mendocinos);\u00a0<strong>Daniela Bajuk<\/strong>\u00a0(Asociaci\u00f3n M\u00fasicos de Cuyo) y<strong>\u00a0Julieta Gentile<\/strong>, por la Asociaci\u00f3n Argentina de Actores Delegaci\u00f3n Mendoza, designado por la propia Asociaci\u00f3n.<\/p>\n\n\n\n<h2 class=\"wp-block-heading\">\u201cCoronados de historia y futuro\u201d \u2013 S\u00edntesis<\/h2>\n\n\n\n<p>La idea argumental est\u00e1 precedida por una precuela; una breve historia audiovisual que evoca la infancia del personaje principal: Pedro.<\/p>\n\n\n\n<p>\u201cCoronados de historia y futuro\u201d es una invitaci\u00f3n para reflexionar sobre estos y otros interrogantes. Para ello se vale de un orfebre quien, desde peque\u00f1o, ha sido llamado a cumplir un destino muy particular. Ser\u00e1 desafiado a construir un objeto que represente a su pueblo. Emprender\u00e1 un viaje hacia el pasado y el futuro en busca de los elementos necesarios para concretar su obra.<\/p>\n\n\n\n<p>Profundizar\u00e1 en sus ra\u00edces vendimiales y en las posibilidades infinitas de su gente. En su recorrido, ser\u00e1 acompa\u00f1ado por el insomnio, la incertidumbre y la inspiraci\u00f3n, quienes lo interpelar\u00e1n acerca de la necesidad de perseverar frente a las dificultades y acerca de la vigencia de los valores populares. Es all\u00ed cuando se produce el quiebre: la aparici\u00f3n de un cuarto personaje, que simboliza la desesperanza y la oscuridad.<\/p>\n\n\n\n<p>Finalmente, el protagonista de esta historia recupera la fe y las fuerzas necesarias para terminar su trabajo y designar\u00e1 al pueblo digno portador de la corona que, en definitiva, simboliza la soberan\u00eda con que sus habitantes se posicionan frente al mundo.<\/p>\n\n\n\n<p>Somos coronados por un pasado que nos identifica y nos da sustento, un presente que nos define y un futuro al que aspiramos y creemos merecer.<\/p>\n\n\n\n<h2 class=\"wp-block-heading\">El staff<\/h2>\n\n\n\n<ul>\n<li>Director general: Pablo Mariano Perri<\/li>\n\n\n\n<li>Gui\u00f3n: Silvia Graciela Moyano<\/li>\n\n\n\n<li>Director audiovisual: Gustavo Fabi\u00e1n Lenarduzzi<\/li>\n\n\n\n<li>Director Coreogr\u00e1fico: Carlos Fabi\u00e1n Ulloa<\/li>\n\n\n\n<li>Director de Actores: Javier Omar Falc\u00f3n<\/li>\n\n\n\n<li>Director Musical: Julio Edgardo Figueroa<\/li>\n\n\n\n<li>Escenograf\u00eda: Mar\u00eda Claudina Gomensoro<\/li>\n\n\n\n<li>Responsable de Cajas Lum\u00ednicas: Sergio Isa\u00edas Benegas Aranguez<\/li>\n\n\n\n<li>Jefe T\u00e9cnico: Marcelo Pablo Jes\u00fas Garay<\/li>\n\n\n\n<li>Asistencia en Iluminaci\u00f3n: Enrique Agust\u00edn Poblete<\/li>\n\n\n\n<li>Asistente en Sonido: Emmanuel Alejandro Acu\u00f1a<\/li>\n\n\n\n<li>Responsable en Efectos Especiales: Guillermo Javier Rodr\u00edguez<\/li>\n\n\n\n<li>Jefa de Vestuario y Maquillaje: Elsa Elba Blanco<\/li>\n\n\n\n<li>Responsable en Utiler\u00eda Menor y\/o Mayor: Lucas Gustavo Grasso<\/li>\n\n\n\n<li>Asistente de Director Audiovisual o Productor: Walter Omar Sastre<\/li>\n\n\n\n<li>Productor Ejecutivo: Walter Fabi\u00e1n Ulloa<\/li>\n\n\n\n<li>Jefe de Traspuntes: Sergio David Avila<\/li>\n\n\n\n<li>Asistente Coreogr\u00e1fico de Folclore (1): Jessica Anabella Arancibia<\/li>\n\n\n\n<li>Asistente Coreogr\u00e1fico de Folclore (2): Juan Eduardo Teves<\/li>\n\n\n\n<li>Asistente Coreogr\u00e1fico Contempor\u00e1neo: Graciela Ruiz<\/li>\n\n\n\n<li>Asistente de Vestuario y Maquillaje: Mar\u00eda Cristina G\u00f3mez<\/li>\n\n\n\n<li>Direcci\u00f3n Orquestal: Alicia Mar\u00eda Pouzo<\/li>\n\n\n\n<li>Asistencia de Direcci\u00f3n: Cristian Alejandro Arce<\/li>\n\n\n\n<li>Asistente de Puesta en Escena: Stella Maris Vera<\/li>\n<\/ul>\n\n\n\n<h2 class=\"wp-block-heading\">S\u00f3lo cinco propuestas hab\u00edan llegado a la final del concurso<\/h2>\n\n\n\n<p>Luego de finalizar las etapas de recepci\u00f3n de proyectos y apertura de sobres de los nueve equipos postulantes, el jurado se expidi\u00f3 y comunic\u00f3 que&nbsp;<strong>llegaron a la instancia de coloquio los siguientes cinco equipos<\/strong>:<\/p>\n\n\n\n<ul>\n<li>&nbsp;\u201cEn la Tierra del Sol\u201d, con direcci\u00f3n general de Walter Neira.<\/li>\n\n\n\n<li>\u201cVino Joven con Aroma Ancestral\u201d, con direcci\u00f3n general Cecilia Herrera y Alejandro Conte.<\/li>\n\n\n\n<li>\u201cVendimia de las Puertas M\u00e1gicas\u201d, con direcci\u00f3n general Virginia P\u00e1es y Federico Castro.<\/li>\n\n\n\n<li>\u201cCoronados de Historia y Futuro\u201d, con direcci\u00f3n general de Pablo Perri.<\/li>\n\n\n\n<li>\u201cVendimia para la Tierra que Amo\u201d, con direcci\u00f3n general de Gonzalo Palacios.<\/li>\n<\/ul>\n\n\n\n<p><strong>Fuente: www.diariouno.com.ar<\/strong><\/p>\n","protected":false},"excerpt":{"rendered":"<p>La\u00a0Fiesta de la Vendimia 2024\u00a0se llamar\u00e1 \u201cCoronados de historia y futuro\u201d y estar\u00e1 dirigida por Pablo Perri, anunciaron desde Cultura. En la etapa final del concurso hab\u00edan quedado s\u00f3lo cinco propuestas. El&nbsp;Acto Central&nbsp;se desarrollar\u00e1 en el Teatro Griego Frank Romero Day, el&nbsp;2, 3 y 4 de marzo. El\u00a0guion del espect\u00e1culo fue escrito por Silvia Graciela [&hellip;]<\/p>\n","protected":false},"author":2,"featured_media":2778,"comment_status":"open","ping_status":"open","sticky":false,"template":"","format":"standard","meta":[],"categories":[74],"tags":[],"_links":{"self":[{"href":"https:\/\/pasaenmendoza.com\/index.php?rest_route=\/wp\/v2\/posts\/2777"}],"collection":[{"href":"https:\/\/pasaenmendoza.com\/index.php?rest_route=\/wp\/v2\/posts"}],"about":[{"href":"https:\/\/pasaenmendoza.com\/index.php?rest_route=\/wp\/v2\/types\/post"}],"author":[{"embeddable":true,"href":"https:\/\/pasaenmendoza.com\/index.php?rest_route=\/wp\/v2\/users\/2"}],"replies":[{"embeddable":true,"href":"https:\/\/pasaenmendoza.com\/index.php?rest_route=%2Fwp%2Fv2%2Fcomments&post=2777"}],"version-history":[{"count":1,"href":"https:\/\/pasaenmendoza.com\/index.php?rest_route=\/wp\/v2\/posts\/2777\/revisions"}],"predecessor-version":[{"id":2779,"href":"https:\/\/pasaenmendoza.com\/index.php?rest_route=\/wp\/v2\/posts\/2777\/revisions\/2779"}],"wp:featuredmedia":[{"embeddable":true,"href":"https:\/\/pasaenmendoza.com\/index.php?rest_route=\/wp\/v2\/media\/2778"}],"wp:attachment":[{"href":"https:\/\/pasaenmendoza.com\/index.php?rest_route=%2Fwp%2Fv2%2Fmedia&parent=2777"}],"wp:term":[{"taxonomy":"category","embeddable":true,"href":"https:\/\/pasaenmendoza.com\/index.php?rest_route=%2Fwp%2Fv2%2Fcategories&post=2777"},{"taxonomy":"post_tag","embeddable":true,"href":"https:\/\/pasaenmendoza.com\/index.php?rest_route=%2Fwp%2Fv2%2Ftags&post=2777"}],"curies":[{"name":"wp","href":"https:\/\/api.w.org\/{rel}","templated":true}]}}