{"id":2797,"date":"2023-11-07T13:29:23","date_gmt":"2023-11-07T12:29:23","guid":{"rendered":"https:\/\/pasaenmendoza.com\/?p=2797"},"modified":"2023-11-07T13:29:24","modified_gmt":"2023-11-07T12:29:24","slug":"la-dge-suspendio-las-clases-presenciales-en-malargue-por-presencia-de-viento-zonda","status":"publish","type":"post","link":"https:\/\/pasaenmendoza.com\/?p=2797","title":{"rendered":"La DGE suspendi\u00f3 las clases presenciales en Malarg\u00fce por presencia de viento Zonda"},"content":{"rendered":"\n<p>En horas de la ma\u00f1ana la\u00a0<strong>DGE<\/strong>\u00a0inform\u00f3 que las clases presenciales del turno ma\u00f1ana quedar\u00e1n suspendidas en Malarg\u00fce por la presencia de\u00a0<strong>viento Zonda.<\/strong><\/p>\n\n\n\n<p>La medida afecta a escuelas de todos los niveles y modalidades y la actividad escolar deber\u00e1 desarrollarse de manera virtual a trav\u00e9s de la plataforma educativa\u00a0<strong>Escuela Digital Mendoza<\/strong>.<\/p>\n\n\n\n<p>Por su lado, las escuelas de jornada completa deber\u00e1n finalizar las actividades en el horario habitual mientras que las escuelas albergue deber\u00e1 cumplir con su calendario habitual de presencialidad.<\/p>\n\n\n\n<p>En el caso de que el horario de des-albergada coincida con la ocurrencia del fen\u00f3meno meteorol\u00f3gico se deber\u00e1 evaluar el riesgo que implica hacerlo, y en caso de que sea necesario retrasar la actividad.<\/p>\n\n\n\n<p><strong>Fuente: www.diariomendoza.com.ar<\/strong><\/p>\n\n\n\n<p><a href=\"https:\/\/www.diariomendoza.com.ar\/mendoza\/cortes-edemsa-zonas-cuatro-departamentos-n56631\"><\/a><\/p>\n","protected":false},"excerpt":{"rendered":"<p>En horas de la ma\u00f1ana la\u00a0DGE\u00a0inform\u00f3 que las clases presenciales del turno ma\u00f1ana quedar\u00e1n suspendidas en Malarg\u00fce por la presencia de\u00a0viento Zonda. La medida afecta a escuelas de todos los niveles y modalidades y la actividad escolar deber\u00e1 desarrollarse de manera virtual a trav\u00e9s de la plataforma educativa\u00a0Escuela Digital Mendoza. Por su lado, las escuelas [&hellip;]<\/p>\n","protected":false},"author":2,"featured_media":2798,"comment_status":"open","ping_status":"open","sticky":false,"template":"","format":"standard","meta":[],"categories":[56],"tags":[],"_links":{"self":[{"href":"https:\/\/pasaenmendoza.com\/index.php?rest_route=\/wp\/v2\/posts\/2797"}],"collection":[{"href":"https:\/\/pasaenmendoza.com\/index.php?rest_route=\/wp\/v2\/posts"}],"about":[{"href":"https:\/\/pasaenmendoza.com\/index.php?rest_route=\/wp\/v2\/types\/post"}],"author":[{"embeddable":true,"href":"https:\/\/pasaenmendoza.com\/index.php?rest_route=\/wp\/v2\/users\/2"}],"replies":[{"embeddable":true,"href":"https:\/\/pasaenmendoza.com\/index.php?rest_route=%2Fwp%2Fv2%2Fcomments&post=2797"}],"version-history":[{"count":1,"href":"https:\/\/pasaenmendoza.com\/index.php?rest_route=\/wp\/v2\/posts\/2797\/revisions"}],"predecessor-version":[{"id":2799,"href":"https:\/\/pasaenmendoza.com\/index.php?rest_route=\/wp\/v2\/posts\/2797\/revisions\/2799"}],"wp:featuredmedia":[{"embeddable":true,"href":"https:\/\/pasaenmendoza.com\/index.php?rest_route=\/wp\/v2\/media\/2798"}],"wp:attachment":[{"href":"https:\/\/pasaenmendoza.com\/index.php?rest_route=%2Fwp%2Fv2%2Fmedia&parent=2797"}],"wp:term":[{"taxonomy":"category","embeddable":true,"href":"https:\/\/pasaenmendoza.com\/index.php?rest_route=%2Fwp%2Fv2%2Fcategories&post=2797"},{"taxonomy":"post_tag","embeddable":true,"href":"https:\/\/pasaenmendoza.com\/index.php?rest_route=%2Fwp%2Fv2%2Ftags&post=2797"}],"curies":[{"name":"wp","href":"https:\/\/api.w.org\/{rel}","templated":true}]}}