{"id":2812,"date":"2023-11-07T13:42:27","date_gmt":"2023-11-07T12:42:27","guid":{"rendered":"https:\/\/pasaenmendoza.com\/?p=2812"},"modified":"2023-11-07T13:42:28","modified_gmt":"2023-11-07T12:42:28","slug":"murio-el-ciclista-atropellado-por-el-metrotranvia-en-capital","status":"publish","type":"post","link":"https:\/\/pasaenmendoza.com\/?p=2812","title":{"rendered":"Muri\u00f3 el ciclista atropellado por el Metrotranv\u00eda en Capital"},"content":{"rendered":"\n<p>El&nbsp;<strong>ciclista<\/strong>&nbsp;de 20 a\u00f1os que hab\u00eda sido atropellado este lunes en la ma\u00f1ana por una formaci\u00f3n del&nbsp;<strong>Metrotranv\u00eda<\/strong><mark>&nbsp;muri\u00f3 en horas de la tarde debido a las serias lesiones que recibi\u00f3.<\/mark><\/p>\n\n\n\n<p>La v\u00edctima, que fue identificada como Juan Pablo Quinteros Vera, hab\u00eda sido trasladada al hospital Central, donde esta noche confirmaron su deceso.<\/p>\n\n\n\n<p>Seg\u00fan el testimonio del conductor del\u00a0<strong>Metrotranv\u00eda<\/strong>,\u00a0<mark>el fatal accidente se produjo cuando observ\u00f3 que el ciclista que se dirig\u00eda por calle Moreno en direcci\u00f3n oeste a este no deten\u00eda la marcha<\/mark>\u00a0a pesar de la cercan\u00eda del tren el\u00e9ctrico.<\/p>\n\n\n\n<p>A pesar de darle la advertencia por la bocina, Quinteros Vera no fren\u00f3 y termin\u00f3 impactando contra la unidad que se dirig\u00eda hacia Godoy Cruz.<\/p>\n\n\n\n<p>En el lugar, el joven fue asistido por personal del Servicio de Emergencias Coordinado, que le diagnostic\u00f3&nbsp;<mark>politraumatismo severo grave por accidente vial<\/mark>.<\/p>\n\n\n\n<p>Las actuaciones quedaron a cargo de la Oficina Fiscal N\u00ba 2 e investiga la Unidad Fiscal de Delitos de Tr\u00e1nsito.<\/p>\n\n\n\n<p><strong>Fuente: www.elsol.com.ar<\/strong><\/p>\n","protected":false},"excerpt":{"rendered":"<p>El&nbsp;ciclista&nbsp;de 20 a\u00f1os que hab\u00eda sido atropellado este lunes en la ma\u00f1ana por una formaci\u00f3n del&nbsp;Metrotranv\u00eda&nbsp;muri\u00f3 en horas de la tarde debido a las serias lesiones que recibi\u00f3. La v\u00edctima, que fue identificada como Juan Pablo Quinteros Vera, hab\u00eda sido trasladada al hospital Central, donde esta noche confirmaron su deceso. Seg\u00fan el testimonio del conductor [&hellip;]<\/p>\n","protected":false},"author":2,"featured_media":2813,"comment_status":"open","ping_status":"open","sticky":false,"template":"","format":"standard","meta":[],"categories":[48],"tags":[],"_links":{"self":[{"href":"https:\/\/pasaenmendoza.com\/index.php?rest_route=\/wp\/v2\/posts\/2812"}],"collection":[{"href":"https:\/\/pasaenmendoza.com\/index.php?rest_route=\/wp\/v2\/posts"}],"about":[{"href":"https:\/\/pasaenmendoza.com\/index.php?rest_route=\/wp\/v2\/types\/post"}],"author":[{"embeddable":true,"href":"https:\/\/pasaenmendoza.com\/index.php?rest_route=\/wp\/v2\/users\/2"}],"replies":[{"embeddable":true,"href":"https:\/\/pasaenmendoza.com\/index.php?rest_route=%2Fwp%2Fv2%2Fcomments&post=2812"}],"version-history":[{"count":1,"href":"https:\/\/pasaenmendoza.com\/index.php?rest_route=\/wp\/v2\/posts\/2812\/revisions"}],"predecessor-version":[{"id":2814,"href":"https:\/\/pasaenmendoza.com\/index.php?rest_route=\/wp\/v2\/posts\/2812\/revisions\/2814"}],"wp:featuredmedia":[{"embeddable":true,"href":"https:\/\/pasaenmendoza.com\/index.php?rest_route=\/wp\/v2\/media\/2813"}],"wp:attachment":[{"href":"https:\/\/pasaenmendoza.com\/index.php?rest_route=%2Fwp%2Fv2%2Fmedia&parent=2812"}],"wp:term":[{"taxonomy":"category","embeddable":true,"href":"https:\/\/pasaenmendoza.com\/index.php?rest_route=%2Fwp%2Fv2%2Fcategories&post=2812"},{"taxonomy":"post_tag","embeddable":true,"href":"https:\/\/pasaenmendoza.com\/index.php?rest_route=%2Fwp%2Fv2%2Ftags&post=2812"}],"curies":[{"name":"wp","href":"https:\/\/api.w.org\/{rel}","templated":true}]}}