{"id":2815,"date":"2023-11-07T13:45:52","date_gmt":"2023-11-07T12:45:52","guid":{"rendered":"https:\/\/pasaenmendoza.com\/?p=2815"},"modified":"2023-11-07T13:45:53","modified_gmt":"2023-11-07T12:45:53","slug":"asaltaron-a-un-chico-de-18-anos-en-pleno-centro","status":"publish","type":"post","link":"https:\/\/pasaenmendoza.com\/?p=2815","title":{"rendered":"Asaltaron a un chico de 18 a\u00f1os en pleno Centro"},"content":{"rendered":"\n<p>Un joven de 18 a\u00f1os fue\u00a0<strong>asaltado este martes<\/strong>\u00a0por la madrugada en el centro de la Ciudad de Mendoza.<\/p>\n\n\n\n<p>El hecho ocurri\u00f3 alrededor de las 3 de la ma\u00f1ana en la calle Alem y Montecaseros, en la esquina del Hospital Central. All\u00ed se encontraba el chico estacionado en su auto cuando fue abordado por dos delincuentes armados.<\/p>\n\n\n\n<p>Con armas de fuego, los delincuentes lo amenazaron y le sustrajeron su tel\u00e9fono celular, la billetera y dinero en efectivo.<\/p>\n\n\n\n<p><strong>Fuente: www.mendozapost.com<\/strong><\/p>\n","protected":false},"excerpt":{"rendered":"<p>Un joven de 18 a\u00f1os fue\u00a0asaltado este martes\u00a0por la madrugada en el centro de la Ciudad de Mendoza. El hecho ocurri\u00f3 alrededor de las 3 de la ma\u00f1ana en la calle Alem y Montecaseros, en la esquina del Hospital Central. All\u00ed se encontraba el chico estacionado en su auto cuando fue abordado por dos delincuentes [&hellip;]<\/p>\n","protected":false},"author":2,"featured_media":2816,"comment_status":"open","ping_status":"open","sticky":false,"template":"","format":"standard","meta":[],"categories":[48],"tags":[],"_links":{"self":[{"href":"https:\/\/pasaenmendoza.com\/index.php?rest_route=\/wp\/v2\/posts\/2815"}],"collection":[{"href":"https:\/\/pasaenmendoza.com\/index.php?rest_route=\/wp\/v2\/posts"}],"about":[{"href":"https:\/\/pasaenmendoza.com\/index.php?rest_route=\/wp\/v2\/types\/post"}],"author":[{"embeddable":true,"href":"https:\/\/pasaenmendoza.com\/index.php?rest_route=\/wp\/v2\/users\/2"}],"replies":[{"embeddable":true,"href":"https:\/\/pasaenmendoza.com\/index.php?rest_route=%2Fwp%2Fv2%2Fcomments&post=2815"}],"version-history":[{"count":1,"href":"https:\/\/pasaenmendoza.com\/index.php?rest_route=\/wp\/v2\/posts\/2815\/revisions"}],"predecessor-version":[{"id":2817,"href":"https:\/\/pasaenmendoza.com\/index.php?rest_route=\/wp\/v2\/posts\/2815\/revisions\/2817"}],"wp:featuredmedia":[{"embeddable":true,"href":"https:\/\/pasaenmendoza.com\/index.php?rest_route=\/wp\/v2\/media\/2816"}],"wp:attachment":[{"href":"https:\/\/pasaenmendoza.com\/index.php?rest_route=%2Fwp%2Fv2%2Fmedia&parent=2815"}],"wp:term":[{"taxonomy":"category","embeddable":true,"href":"https:\/\/pasaenmendoza.com\/index.php?rest_route=%2Fwp%2Fv2%2Fcategories&post=2815"},{"taxonomy":"post_tag","embeddable":true,"href":"https:\/\/pasaenmendoza.com\/index.php?rest_route=%2Fwp%2Fv2%2Ftags&post=2815"}],"curies":[{"name":"wp","href":"https:\/\/api.w.org\/{rel}","templated":true}]}}