{"id":2818,"date":"2023-11-07T13:48:32","date_gmt":"2023-11-07T12:48:32","guid":{"rendered":"https:\/\/pasaenmendoza.com\/?p=2818"},"modified":"2023-11-07T13:48:33","modified_gmt":"2023-11-07T12:48:33","slug":"el-helicoptero-de-la-policia-presento-un-desperfecto-mecanico-en-el-parque-aconcagua","status":"publish","type":"post","link":"https:\/\/pasaenmendoza.com\/?p=2818","title":{"rendered":"El helic\u00f3ptero de la Polic\u00eda present\u00f3 un desperfecto mec\u00e1nico en el Parque Aconcagua"},"content":{"rendered":"\n<p>Un helic\u00f3ptero de la<strong>&nbsp;Polic\u00eda de Mendoza<\/strong>&nbsp;<mark>sufri\u00f3 una falla mec\u00e1nica en las \u00faltimas horas mientras permanec\u00eda en zona de alta monta\u00f1a, en Las Heras<\/mark>. Se trata del&nbsp;<strong>Halc\u00f3n<\/strong>, nave que se encontraba en el&nbsp;<strong>Parque Aconcagua<\/strong>&nbsp;realizando diversas tareas para la Patrulla de Rescate.<\/p>\n\n\n\n<p>Autoridades del Ministerio de Seguridad fueron consultadas por\u00a0<em><strong>El Sol\u00a0<\/strong><\/em>sobre los motivos del desperfecto pero explicaron que\u00a0<strong>no dar\u00e1n informaci\u00f3n<\/strong>\u00a0sobre lo sucedido hasta tanto se tenga un informe completo del inconveniente t\u00e9cnico.<\/p>\n\n\n\n<p>Por fuentes de policiales y de la propia cartera de calle Salta de Godoy Cruz,<mark>\u00a0la nave se encontraba \u201cen vuelo y bajando\u201d cuando\u00a0<em>\u201cpresent\u00f3 una aver\u00eda en el rotor de cola\u201d<\/em>\u00a0mec\u00e1nico<\/mark>, es decir, el componente ubicado en la parte trasera con h\u00e9lice m\u00e1s peque\u00f1a y que permite que el cuerpo principal no gire en sentido opuesto al del rotor principal.<\/p>\n\n\n\n<p>Ante las dificultades que present\u00f3 el\u00a0<strong>Halc\u00f3n<\/strong>, agregaron las fuentes, fue parado y durante la ma\u00f1ana de este martes los t\u00e9cnicos trabajar\u00e1n para hacer un estudio m\u00e1s detallado, elevar un informe correspondiente y definir de esta forma los pasos a seguir.<\/p>\n\n\n\n<p><strong>Fuente: www.elsol.com.ar<\/strong><\/p>\n","protected":false},"excerpt":{"rendered":"<p>Un helic\u00f3ptero de la&nbsp;Polic\u00eda de Mendoza&nbsp;sufri\u00f3 una falla mec\u00e1nica en las \u00faltimas horas mientras permanec\u00eda en zona de alta monta\u00f1a, en Las Heras. Se trata del&nbsp;Halc\u00f3n, nave que se encontraba en el&nbsp;Parque Aconcagua&nbsp;realizando diversas tareas para la Patrulla de Rescate. Autoridades del Ministerio de Seguridad fueron consultadas por\u00a0El Sol\u00a0sobre los motivos del desperfecto pero explicaron [&hellip;]<\/p>\n","protected":false},"author":2,"featured_media":2819,"comment_status":"open","ping_status":"open","sticky":false,"template":"","format":"standard","meta":[],"categories":[48],"tags":[],"_links":{"self":[{"href":"https:\/\/pasaenmendoza.com\/index.php?rest_route=\/wp\/v2\/posts\/2818"}],"collection":[{"href":"https:\/\/pasaenmendoza.com\/index.php?rest_route=\/wp\/v2\/posts"}],"about":[{"href":"https:\/\/pasaenmendoza.com\/index.php?rest_route=\/wp\/v2\/types\/post"}],"author":[{"embeddable":true,"href":"https:\/\/pasaenmendoza.com\/index.php?rest_route=\/wp\/v2\/users\/2"}],"replies":[{"embeddable":true,"href":"https:\/\/pasaenmendoza.com\/index.php?rest_route=%2Fwp%2Fv2%2Fcomments&post=2818"}],"version-history":[{"count":1,"href":"https:\/\/pasaenmendoza.com\/index.php?rest_route=\/wp\/v2\/posts\/2818\/revisions"}],"predecessor-version":[{"id":2820,"href":"https:\/\/pasaenmendoza.com\/index.php?rest_route=\/wp\/v2\/posts\/2818\/revisions\/2820"}],"wp:featuredmedia":[{"embeddable":true,"href":"https:\/\/pasaenmendoza.com\/index.php?rest_route=\/wp\/v2\/media\/2819"}],"wp:attachment":[{"href":"https:\/\/pasaenmendoza.com\/index.php?rest_route=%2Fwp%2Fv2%2Fmedia&parent=2818"}],"wp:term":[{"taxonomy":"category","embeddable":true,"href":"https:\/\/pasaenmendoza.com\/index.php?rest_route=%2Fwp%2Fv2%2Fcategories&post=2818"},{"taxonomy":"post_tag","embeddable":true,"href":"https:\/\/pasaenmendoza.com\/index.php?rest_route=%2Fwp%2Fv2%2Ftags&post=2818"}],"curies":[{"name":"wp","href":"https:\/\/api.w.org\/{rel}","templated":true}]}}