{"id":2822,"date":"2023-11-07T14:44:27","date_gmt":"2023-11-07T13:44:27","guid":{"rendered":"https:\/\/pasaenmendoza.com\/?p=2822"},"modified":"2023-11-07T14:44:28","modified_gmt":"2023-11-07T13:44:28","slug":"el-equipo-de-massa-acordo-con-enviados-mendocinos-un-primer-pago-minimo-por-la-deuda-del-transporte","status":"publish","type":"post","link":"https:\/\/pasaenmendoza.com\/?p=2822","title":{"rendered":"El equipo de Massa acord\u00f3 con enviados mendocinos un primer pago m\u00ednimo por la deuda del Transporte"},"content":{"rendered":"\n<p>El director de Transporte de Mendoza, Luis Borrego, y el coordinador de Gabinete de Servicios P\u00fablicos, Manuel L\u00f3pez, participaron de la reuni\u00f3n en la que Naci\u00f3n comprometi\u00f3 al menos $250 millones. Qu\u00e9 pasar\u00e1 con el resto de los fondos adeudados<\/p>\n\n\n\n<p>Despu\u00e9s de que\u00a0<strong>Sergio Massa<\/strong>\u00a0afirmara que este lunes enviar\u00eda los\u00a0<strong>fondos adeudados del a\u00f1o por el subsidio al transporte p\u00fablico<\/strong>, el director de Transporte de Mendoza, Luis Borrego, mantuvo una reuni\u00f3n clave en Buenos Aires. Este lunes\u00a0<strong>no se efectiviz\u00f3 la transferencia porque hubo feriado bancario<\/strong>.<\/p>\n\n\n\n<p>El secretario de Servicios P\u00fablicos,<strong>&nbsp;Natalio Mema<\/strong>, sigui\u00f3 de cerca el encuentro que el coordinador de su Secretar\u00eda,&nbsp;<strong>Manuel L\u00f3pez<\/strong>, y&nbsp;<strong>Borrego<\/strong>&nbsp;mantuvieron junto al equipo del ministro de Econom\u00eda&nbsp;<strong>Sergio Massa<\/strong>.<\/p>\n\n\n\n<p>Seg\u00fan confirm\u00f3 Mema a&nbsp;<strong>Diario UNO<\/strong>, hay un primer compromiso por parte de la Naci\u00f3n: que este mi\u00e9rcoles est\u00e9n en las cuentas de la Provincia al menos $250 millones, una cifra que por lo pronto parece escasa pero que podr\u00eda ser mayor: &#8220;Estamos esperando que nos definan de cu\u00e1nto ser\u00e1 el adelanto&#8221;.<\/p>\n\n\n\n<p>El monto total de la deuda del\u00a0<strong>Fondo Compensador del Transporte<\/strong>\u00a0es, seg\u00fan las cuentas de Mema, de\u00a0<strong>$7.100 millones<\/strong>.<\/p>\n\n\n\n<h2 class=\"wp-block-heading\">El feriado bancario fren\u00f3 la transferencia de fondos para el Transporte<\/h2>\n\n\n\n<p>&#8220;El feriado bancario demor\u00f3 el dep\u00f3sito del primer pago, pero&nbsp;<strong>se comprometieron a emitir una resoluci\u00f3n este lunes para que llegue el mi\u00e9rcoles una parte de la deuda<\/strong>&#8220;, confirm\u00f3 Natalio Mema a&nbsp;<strong>radio Nihuil<\/strong>&nbsp;y a&nbsp;<strong>Diario UNO<\/strong>.<\/p>\n\n\n\n<p>Esa nueva promesa &#8211;<strong>tras la que Massa le hizo a Rodolfo Suarez el viernes en su visita a Mendoza<\/strong>&#8211; la recibieron funcionarios mendocinos que llegaron hasta Buenos Aires para mantener una reuni\u00f3n clave con el equipo del ministro.<\/p>\n\n\n\n<p>El pago&nbsp;<strong>impactar\u00e1 el mi\u00e9rcoles<\/strong>&nbsp;en las cuentas de Mendoza porque la transferencia demora 48 horas. Se trata de una especie de adelanto de lo que la Naci\u00f3n debe desde febrero en concepto de aportes del Fondo Compensador y que debe ser destinado para subsidiar el transporte p\u00fablico.<\/p>\n\n\n\n<p><strong>El primer compromiso es depositar $250 millones, pero ese monto podr\u00eda actualizarse en breve<\/strong>, seg\u00fan dijeron desde Servicios P\u00fablicos.<\/p>\n\n\n\n<p>Mema asegur\u00f3 que &#8220;<strong>hasta octubre nos deben $7.100 millones.<\/strong>\u00a0Veremos cu\u00e1nto depositar\u00e1n el mi\u00e9rcoles y hemos pedido que nos den un cronograma hacia adelante&#8221;.<\/p>\n\n\n\n<p>La presi\u00f3n de Mendoza radica en que la Naci\u00f3n ya firm\u00f3 un nuevo acuerdo salarial con las empresas de Transporte y debe ser replicado en la provincia:\u00a0<strong>&#8220;Necesitamos estar con los fondos cobrados para poder aplicar el \u00faltimo acuerdo salarial&#8221;<\/strong>.<\/p>\n\n\n\n<h2 class=\"wp-block-heading\">Qu\u00e9 ocasion\u00f3 los desencuentros entre Mendoza y la Naci\u00f3n por el subsidio<\/h2>\n\n\n\n<p>El propio Massa le dijo al periodista de Diario UNO Juli\u00e1n Imazio que &#8220;hab\u00eda una discusi\u00f3n con respecto al sistema de rendici\u00f3n&#8221; y que la misma estaba resuelta.<\/p>\n\n\n\n<p><strong>Mema explic\u00f3 que la Naci\u00f3n ten\u00eda dudas sobre 20 recorridos de micro<\/strong>: &#8220;Ahora nos dijeron cu\u00e1l era el problema, despu\u00e9s de que hicimos 25 presentaciones&#8221;.<\/p>\n\n\n\n<p>&#8220;La informaci\u00f3n que hab\u00eda que corregir es sobre cargas de los a\u00f1os 2011, 2012 que\u00a0<strong>entend\u00edan que no deber\u00edan haber estado aprobadas<\/strong>&#8220;, asegur\u00f3 el funcionario.<\/p>\n\n\n\n<p>Saldadas esas diferencias,\u00a0<strong>lo que resta saber es cu\u00e1nto le depositar\u00e1 la Naci\u00f3n a Mendoza<\/strong>. Para Mema, el total adeudado es de $7.100 millones, pero\u00a0<strong>Massa ya anticip\u00f3 que seg\u00fan su equipo los fondos que se deben son menos<\/strong>.<\/p>\n\n\n\n<p>Lo cierto es que, sea cual sea el monto a cobrar,&nbsp;<strong>no impactar\u00e1 directamente en lo que los mendocinos pagan por el boleto de micro o de Metrotranv\u00eda<\/strong>.<\/p>\n\n\n\n<p>El subsidio nacional implica el 10% del costo total del sistema y una vez que entra a las arcas de la Provincia,&nbsp;<strong>sale inmediatamente con cargo para cada empresa de transporte<\/strong>.<\/p>\n\n\n\n<p>&#8220;<strong>Hasta ahora, una parte del subsidio del boleto lo han soportado las empresas y otra parte lo hemos cubierto con fondos provinciales<\/strong>&#8220;, explic\u00f3 Mema. Entonces, cuando la Naci\u00f3n deposite lo que debe, &#8220;las empresas recuperar\u00e1n lo que pusieron y la Provincia lo har\u00e1 en parte porque\u00a0<strong>el restante 90% del subsidio de sustenta con fondos provinciales<\/strong>&#8220;.<\/p>\n\n\n\n<p>FUENTE: diariouno.com.ar <\/p>\n\n\n\n<p><a rel=\"noreferrer noopener\" href=\"https:\/\/www.facebook.com\/dialog\/feed?app_id=161316767303985&amp;link=https%3A%2F%2Fwww.diariouno.com.ar%2Fpolitica%2Fel-equipo-massa-acordo-enviados-mendocinos-un-primer-pago-minimo-la-deuda-del-transporte-n1243170&amp;name=El+equipo+de+Massa+acord%C3%B3+con+enviados+mendocinos+un+primer+pago+m%C3%ADnimo+por+la+deuda+del+Transporte&amp;caption=Sergio+Massa&amp;description=El+director+de+Transporte+de+Mendoza%2C+Luis+Borrego%2C+y+el+coordinador+de+Gabinete+de+Servicios+P%C3%BAblicos%2C+Manuel+L%C3%B3pez%2C+participaron+de+la+reuni%C3%B3n+en+la+que+Naci%C3%B3n+comprometi%C3%B3+al+menos+%24250+millones.+Qu%C3%A9+pasar%C3%A1+con+el+resto+de+los+fondos+adeudados&amp;redirect_uri=https%3A%2F%2Fwww.diariouno.com.ar%2Fpolitica%2Fel-equipo-massa-acordo-enviados-mendocinos-un-primer-pago-minimo-la-deuda-del-transporte-n1243170\" target=\"_blank\"><\/a><\/p>\n","protected":false},"excerpt":{"rendered":"<p>El director de Transporte de Mendoza, Luis Borrego, y el coordinador de Gabinete de Servicios P\u00fablicos, Manuel L\u00f3pez, participaron de la reuni\u00f3n en la que Naci\u00f3n comprometi\u00f3 al menos $250 millones. Qu\u00e9 pasar\u00e1 con el resto de los fondos adeudados Despu\u00e9s de que\u00a0Sergio Massa\u00a0afirmara que este lunes enviar\u00eda los\u00a0fondos adeudados del a\u00f1o por el subsidio [&hellip;]<\/p>\n","protected":false},"author":2,"featured_media":2826,"comment_status":"open","ping_status":"open","sticky":true,"template":"","format":"standard","meta":[],"categories":[47],"tags":[],"_links":{"self":[{"href":"https:\/\/pasaenmendoza.com\/index.php?rest_route=\/wp\/v2\/posts\/2822"}],"collection":[{"href":"https:\/\/pasaenmendoza.com\/index.php?rest_route=\/wp\/v2\/posts"}],"about":[{"href":"https:\/\/pasaenmendoza.com\/index.php?rest_route=\/wp\/v2\/types\/post"}],"author":[{"embeddable":true,"href":"https:\/\/pasaenmendoza.com\/index.php?rest_route=\/wp\/v2\/users\/2"}],"replies":[{"embeddable":true,"href":"https:\/\/pasaenmendoza.com\/index.php?rest_route=%2Fwp%2Fv2%2Fcomments&post=2822"}],"version-history":[{"count":1,"href":"https:\/\/pasaenmendoza.com\/index.php?rest_route=\/wp\/v2\/posts\/2822\/revisions"}],"predecessor-version":[{"id":2827,"href":"https:\/\/pasaenmendoza.com\/index.php?rest_route=\/wp\/v2\/posts\/2822\/revisions\/2827"}],"wp:featuredmedia":[{"embeddable":true,"href":"https:\/\/pasaenmendoza.com\/index.php?rest_route=\/wp\/v2\/media\/2826"}],"wp:attachment":[{"href":"https:\/\/pasaenmendoza.com\/index.php?rest_route=%2Fwp%2Fv2%2Fmedia&parent=2822"}],"wp:term":[{"taxonomy":"category","embeddable":true,"href":"https:\/\/pasaenmendoza.com\/index.php?rest_route=%2Fwp%2Fv2%2Fcategories&post=2822"},{"taxonomy":"post_tag","embeddable":true,"href":"https:\/\/pasaenmendoza.com\/index.php?rest_route=%2Fwp%2Fv2%2Ftags&post=2822"}],"curies":[{"name":"wp","href":"https:\/\/api.w.org\/{rel}","templated":true}]}}