{"id":2828,"date":"2023-11-07T15:03:30","date_gmt":"2023-11-07T14:03:30","guid":{"rendered":"https:\/\/pasaenmendoza.com\/?p=2828"},"modified":"2023-11-07T15:03:30","modified_gmt":"2023-11-07T14:03:30","slug":"cornejo-preciso-en-que-momento-decidira-votar-por-massa-o-milei","status":"publish","type":"post","link":"https:\/\/pasaenmendoza.com\/?p=2828","title":{"rendered":"Cornejo precis\u00f3 en qu\u00e9 momento decidir\u00e1 votar por Massa o Milei"},"content":{"rendered":"\n<p><strong>Juntos por el Cambio\u00a0<\/strong>(JxC) volvi\u00f3 este lunes a quedar envuelto en un\u00a0<strong>clima de tensi\u00f3n\u00a0<\/strong>por las posiciones antag\u00f3nicas entre los<strong>\u00a0macristas que apoyan en el balotaje<\/strong>\u00a0al candidato de La Libertad Avanza (LLA),\u00a0<strong>Javier Milei<\/strong>, u<strong>n sector de la UCR que impulsa la firma de un documento en respaldo a la postulaci\u00f3n del oficialista\u00a0Sergio Massa<\/strong>\u00a0(UxP) y los gobernadores del frente opositor que insisten en inclinarse por la neutralidad. En tanto que\u00a0<strong>Alfredo Cornejo\u00a0<\/strong>dijo que no le gusta ninguno de los dos candidatos, y precis\u00f3 cu\u00e1ndo definiar\u00e1 su voto.<\/p>\n\n\n\n<p>Un grupo de dirigentes del\u00a0<strong>PRO<\/strong>\u00a0que defiende la alianza entre Milei, la titular del partido,\u00a0Patricia Bullrich, y el exmandatario Mauricio Macri, se cruzaron en las \u00faltimas horas p\u00fablicamente con el exministro de Cultura macrista Pablo Avelluto, quien advirti\u00f3 que ese pacto representa una &#8220;rendici\u00f3n total&#8221; ante el candidato libertario.<\/p>\n\n\n\n<p>&#8220;Nuestro apoyo es sin condicionamientos. Ok. No es un acuerdo, es solo sumisi\u00f3n. La rendici\u00f3n es total. #NoEnMiNombre&#8221;, escribi\u00f3 Avelluto ayer por la tarde en su cuenta de X, declaraciones que generaron hoy fuertes r\u00e9plicas de dirigentes del PRO alineados con Macri.<\/p>\n\n\n\n<p>El mensaje del exfuncionario macrista fue en respuesta al apoyo a Milei &#8220;sin condicionamientos&#8221; expresado por el diputado Cristian Ritondo en una entrevista a La Naci\u00f3n+.<\/p>\n\n\n\n<p>&#8220;Pablo Avelluto querido, fuimos compa\u00f1eros de gabinete y nunca te vi tan firme en cosa alguna. Cristian Ritondo, lejos de la sumisi\u00f3n, lider\u00f3 la oposici\u00f3n legislativa en tiempos dif\u00edciles sin flaquear nunca. No seas como la monja que deja los h\u00e1bitos y habla mal del convento. Abrazo&#8221;, intervino luego el diputado Alejandro Finocchiaro, quien sali\u00f3 en defensa de su compa\u00f1ero de bancada tambi\u00e9n en esa red social.<\/p>\n\n\n\n<p>Esta ma\u00f1ana, Avelluto continu\u00f3 el intercambio: &#8220;Jam\u00e1s imagin\u00e9 ver un apoyo incondicional a la ultraderecha por parte de dirigentes de mi partido. Pens\u00e9 que est\u00e1bamos en contra de eso&#8221;.<\/p>\n\n\n\n<p>Tambi\u00e9n se trenz\u00f3 con la diputada del PRO Dina Rezinovsky, quien le hab\u00eda aclarado que &#8220;sin condicionamientos&#8221; no es lo mismo que &#8220;incondicional&#8221;.<\/p>\n\n\n\n<p>Avelluto integra un sector del PRO, cuyos dirigentes -si bien cuestionan a Massa- rechazan el rotundo apoyo de Macri y Bullrich a Milei. En ese grupo est\u00e1n tambi\u00e9n dos figuras relevantes del partido amarillo: el jefe de Gobierno porte\u00f1o, Horacio Rodr\u00edguez Larreta, y la diputada Mar\u00eda Eugenia Vidal.<\/p>\n\n\n\n<p>Las diferencias internas en JxC tienen tambi\u00e9n su cap\u00edtulo radical. Hoy, el hist\u00f3rico dirigente de la UCR Federico Storani afirm\u00f3 que frente al balotaje presidencial no se pueden tener &#8220;medias tintas&#8221; y adelant\u00f3 que, por ese motivo, impulsa junto a otros referentes partidarios la firma de un documento en apoyo a la candidatura de Massa para enfrentar a Milei, a quien calific\u00f3 de &#8220;antidemocr\u00e1tico&#8221;.<\/p>\n\n\n\n<p>&#8220;Nos parece que no hay medias tintas. El balotaje ha sido creado para eso. Hay que pronunciarse por una de las dos alternativas y nosotros optamos. Conforme a la libertad de acci\u00f3n que nos dio el Comit\u00e9 Nacional de nuestro partido, voy a votar a Sergio Massa&#8221;, dijo Storani en declaraciones formuladas a Radio Provincia.<\/p>\n\n\n\n<p>El exministro de Interior durante la presidencia de Fernando de la R\u00faa confirm\u00f3 que en las pr\u00f3ximas horas se difundir\u00e1 un comunicado de respaldo a Massa firmado por cientos de dirigentes del radicalismo.<\/p>\n\n\n\n<p>El apoyo que re\u00fane a sectores de la UCR de todo el pa\u00eds a la postulaci\u00f3n presidencial del ministro de Econom\u00eda surgi\u00f3, explic\u00f3 Storani, tras &#8220;un an\u00e1lisis de las dos alternativas que hay para el balotaje&#8221;.<\/p>\n\n\n\n<p>&#8220;Consideramos (que la de Massa es) la \u00fanica opci\u00f3n democr\u00e1tica que est\u00e1 en pie y no es la opci\u00f3n que presenta Milei, (al) que consideramos un autoritario que est\u00e1 en las ant\u00edpodas de nuestro posicionamiento ideol\u00f3gico y tiene un visceral antiradicalismo, lo cual es una forma de ser antidemocr\u00e1tico&#8221;, explic\u00f3 Storani.<\/p>\n\n\n\n<p>El comunicado de apoyo a Massa tendr\u00e1 las firmas de autoridades partidarias, pero tambi\u00e9n de legisladores y funcionarios municipales y provinciales, como as\u00ed tambi\u00e9n de dirigentes del radicalismo porte\u00f1o.<\/p>\n\n\n\n<p>El documento contendr\u00e1 asimismo fuertes cuestionamientos a la figura del candidato presidencial de La Libertad Avanza, Javier Milei, y brindar\u00e1 argumentos para explicar por qu\u00e9 este conjunto de dirigentes respaldar\u00e1 la postulaci\u00f3n de Massa.<\/p>\n\n\n\n<p>Entre los firmantes estar\u00e1n Federico, Mar\u00eda Luisa y Carmen Storani, Juan Manuel Casella, Luis &#8220;Changui&#8221; C\u00e1ceres, Ra\u00fal Borr\u00e1s, y dirigentes porte\u00f1os como Mabel Bianco, Alejandra Garc\u00eda, Pedro Calvo, Javier Roncero, Pablo Galeano y Daniel Larriqueta.<\/p>\n\n\n\n<p>Al documento se suman tambi\u00e9n exfuncioanarios del gobierno de Ra\u00fal Alfons\u00edn, como Enrique Paixao (exsecretario de Justicia) y Oscar Mui\u00f1o (exsubsecretario de Informaci\u00f3n P\u00fablica), adem\u00e1s de Adri\u00e1n Mastronicola, dirigente gremial de La Bancaria, entre otros.<\/p>\n\n\n\n<p>Por estas horas, los radicales que respaldan a Massa siguen en la tarea de sumar firmas en todo el pa\u00eds, sobre todo a trav\u00e9s de la Corriente de Opini\u00f3n Nacional, el sector interno del radicalismo que lidera &#8220;Freddy&#8221; Storani.<\/p>\n\n\n\n<p>La posici\u00f3n de Alfredo Cornejo<\/p>\n\n\n\n<p>En otra vereda se ubican los gobernadores de JxC que proponen no manifestar apoyo a ninguna de las dos candidaturas.<\/p>\n\n\n\n<p>Este lunes,<strong>\u00a0el mandatario electo de Mendoza,\u00a0Alfredo Cornejo<\/strong>, insisti\u00f3 en que<strong>\u00a0&#8220;no conf\u00eda&#8221; en los postulantes<\/strong>\u00a0pero que decidir\u00e1 su voto &#8220;camino a la escuela&#8221; que le toca para emitir su sufragio el pr\u00f3ximo 19 de noviembre.<\/p>\n\n\n\n<p>&#8220;<strong>Yo no conf\u00edo en ninguno de los dos<\/strong>, no me dan certidumbre. A uno lo conozco y el otro porque es realmente una mayor incertidumbre si las barbaridades que dijo hace unos meses son realmente un proyecto de gobierno&#8221;, dijo Cornejo en declaraciones a CNN radio.<\/p>\n\n\n\n<p>Pese a afirmar que &#8220;la mayor\u00eda de la gente que vot\u00f3 a JxC tiene una propensi\u00f3n a votar a Milei&#8221;, tambi\u00e9n asegur\u00f3 que &#8220;la mirada de los dirigentes que quedamos afuera del balotaje es bastante irrelevante&#8221;.<\/p>\n\n\n\n<p>Sobre el futuro de la coalici\u00f3n, el gobernador electo afirm\u00f3 que &#8220;se va a despejar el 19 de noviembre&#8221; y que deber\u00e1 &#8220;ser el contrapeso de un gobierno de Milei o de Massa&#8221;.<\/p>\n\n\n\n<p>Tambi\u00e9n Bullrich se refiri\u00f3 a la crisis que atraviesa la coalici\u00f3n al remarcar que JxC &#8220;era un envase que ya estaba muy destruido, muy mal&#8221; y que, de ac\u00e1 en adelante, se deben discutir &#8220;las bases&#8221; sobre las que &#8220;se reconstruye&#8221; el espacio.<\/p>\n\n\n\n<p>En declaraciones que brind\u00f3 anoche a La Naci\u00f3n+, la exministra de Seguridad indic\u00f3 que no es partidaria de hablar del &#8220;fin&#8221; de la coalici\u00f3n aunque s\u00ed consider\u00f3 que, &#8220;de lo que hay que hablar, es la manera, sobre qu\u00e9 bases se reconstruye Juntos por el Cambio&#8221;.<\/p>\n\n\n\n<p>La titular del PRO defendi\u00f3 su alianza con Milei &#8220;sin condicionamientos&#8221; y volvi\u00f3 a cargar contra los otros dos partidos socios de la alianza: la UCR y la Coalici\u00f3n C\u00edvica (CC).<\/p>\n\n\n\n<p>&#8220;Tomamos una decisi\u00f3n solos, pero media hora despu\u00e9s la UCR iba a tomar la suya. Ellos tambi\u00e9n la tomaron solos y no en el marco de Juntos por el Cambio y un d\u00eda antes ya lo hab\u00eda hecho la Coalici\u00f3n C\u00edvica. Nos jugamos a una idea, y siempre me juego&#8221;, asever\u00f3.<\/p>\n\n\n\n<p>FUENTE: mendozapost.<\/p>\n\n\n\n<p><\/p>\n","protected":false},"excerpt":{"rendered":"<p>Juntos por el Cambio\u00a0(JxC) volvi\u00f3 este lunes a quedar envuelto en un\u00a0clima de tensi\u00f3n\u00a0por las posiciones antag\u00f3nicas entre los\u00a0macristas que apoyan en el balotaje\u00a0al candidato de La Libertad Avanza (LLA),\u00a0Javier Milei, un sector de la UCR que impulsa la firma de un documento en respaldo a la postulaci\u00f3n del oficialista\u00a0Sergio Massa\u00a0(UxP) y los gobernadores del [&hellip;]<\/p>\n","protected":false},"author":2,"featured_media":2693,"comment_status":"open","ping_status":"open","sticky":true,"template":"","format":"standard","meta":[],"categories":[47],"tags":[],"_links":{"self":[{"href":"https:\/\/pasaenmendoza.com\/index.php?rest_route=\/wp\/v2\/posts\/2828"}],"collection":[{"href":"https:\/\/pasaenmendoza.com\/index.php?rest_route=\/wp\/v2\/posts"}],"about":[{"href":"https:\/\/pasaenmendoza.com\/index.php?rest_route=\/wp\/v2\/types\/post"}],"author":[{"embeddable":true,"href":"https:\/\/pasaenmendoza.com\/index.php?rest_route=\/wp\/v2\/users\/2"}],"replies":[{"embeddable":true,"href":"https:\/\/pasaenmendoza.com\/index.php?rest_route=%2Fwp%2Fv2%2Fcomments&post=2828"}],"version-history":[{"count":1,"href":"https:\/\/pasaenmendoza.com\/index.php?rest_route=\/wp\/v2\/posts\/2828\/revisions"}],"predecessor-version":[{"id":2829,"href":"https:\/\/pasaenmendoza.com\/index.php?rest_route=\/wp\/v2\/posts\/2828\/revisions\/2829"}],"wp:featuredmedia":[{"embeddable":true,"href":"https:\/\/pasaenmendoza.com\/index.php?rest_route=\/wp\/v2\/media\/2693"}],"wp:attachment":[{"href":"https:\/\/pasaenmendoza.com\/index.php?rest_route=%2Fwp%2Fv2%2Fmedia&parent=2828"}],"wp:term":[{"taxonomy":"category","embeddable":true,"href":"https:\/\/pasaenmendoza.com\/index.php?rest_route=%2Fwp%2Fv2%2Fcategories&post=2828"},{"taxonomy":"post_tag","embeddable":true,"href":"https:\/\/pasaenmendoza.com\/index.php?rest_route=%2Fwp%2Fv2%2Ftags&post=2828"}],"curies":[{"name":"wp","href":"https:\/\/api.w.org\/{rel}","templated":true}]}}