{"id":2833,"date":"2023-11-07T15:16:32","date_gmt":"2023-11-07T14:16:32","guid":{"rendered":"https:\/\/pasaenmendoza.com\/?p=2833"},"modified":"2023-11-07T15:16:32","modified_gmt":"2023-11-07T14:16:32","slug":"cuyo-se-convierte-en-el-bastion-de-milei","status":"publish","type":"post","link":"https:\/\/pasaenmendoza.com\/?p=2833","title":{"rendered":"Cuyo se convierte en el basti\u00f3n de Milei"},"content":{"rendered":"\n<p>El jueves el candidato presidencial de La Libertad Avanza visitar\u00e1 la provincia de Mendoza con la intenci\u00f3n de reforzar su intenci\u00f3n de voto. Cuyo es la regi\u00f3n donde consigue m\u00e1s adhesiones.<\/p>\n\n\n\n<p>A d\u00edas de que\u00a0<strong>Javier Milei\u00a0<\/strong>aterrice en Mendoza, una\u00a0<strong>encuesta\u00a0<\/strong>confirma que el candidato libertario encuentra en la regi\u00f3n de Cuyo su mayor respaldo. En Mendoza fue el candidato m\u00e1s votado en las PASO y en las elecciones generales pero lo mismo ocurri\u00f3 en San Juan y podr\u00eda ocurrir en San Luis en la segunda vuelta electoral. Seg\u00fan CB Consultora en la regi\u00f3n cuyana es en la que mayor diferencia existe a favor de Milei.<\/p>\n\n\n\n<p>No hay dudas de que\u00a0<strong>Sergio Massa\u00a0<\/strong>tiene ventaja en provincia de Buenos Aires y es all\u00ed donde procura inclinar la balanza el 19 de noviembre. Pero en el interior del pa\u00eds Milei re\u00fane m\u00e1s apoyo y por eso est\u00e1 previsto que el jueves llegue a Mendoza para fidelizar votantes. En Cuyo, Milei tiene una intenci\u00f3n de voto del 55,4% contra el 35,6% de Sergio Massa.<\/p>\n\n\n\n<p>Algo muy similar ocurre en C\u00f3rdoba y la regi\u00f3n Centro. All\u00ed Milei aparece con un 54,9% de intenci\u00f3n de voto contra el 35,8% de Sergio Massa. Incluso, por regi\u00f3n, en el NOA y el NEA aparece arriba el candidato libertario. En Patagonia se acercan los porcentajes y solo en provincia de Buenos Aires Massa aparece arriba con el 50,8% contra el 37.4% de Milei.<\/p>\n\n\n\n<p>Seg\u00fan la encuesta de CB Consultora, a nivel nacional Milei tiene una leve ventaja sobre el ministro de Econom\u00eda. El candidato libertario obtendr\u00eda, si las elecciones fuesen hoy, el 51,8% de los votos contra el 48,2% de\u00a0<strong>Sergio Massa<\/strong>.<\/p>\n\n\n\n<p>El candidato de Uni\u00f3n por la Patria intenta achicar diferencias en el interior del pa\u00eds y con ese objetivo visit\u00f3 Mendoza la semana pasada. Esta semana pisar\u00e1 suelo cordob\u00e9s con esa misma misi\u00f3n.<\/p>\n\n\n\n<p>Mientras tanto, ambos candidatos apuestan a conseguir apoyos de dirigentes de otras fuerzas pol\u00edticas para reforzar su posici\u00f3n de cara a los comicios del 19 de noviembre. En el medio, se preparan para el debate del pr\u00f3ximo domingo que podr\u00eda ser bisagra para captar el voto de indecisos que no se sienten atra\u00eddos por ninguno de los dos aspirantes presidenciales.<\/p>\n\n\n\n<p>FUENTE: Mdzonline.<\/p>\n","protected":false},"excerpt":{"rendered":"<p>El jueves el candidato presidencial de La Libertad Avanza visitar\u00e1 la provincia de Mendoza con la intenci\u00f3n de reforzar su intenci\u00f3n de voto. Cuyo es la regi\u00f3n donde consigue m\u00e1s adhesiones. A d\u00edas de que\u00a0Javier Milei\u00a0aterrice en Mendoza, una\u00a0encuesta\u00a0confirma que el candidato libertario encuentra en la regi\u00f3n de Cuyo su mayor respaldo. En Mendoza fue [&hellip;]<\/p>\n","protected":false},"author":2,"featured_media":2834,"comment_status":"open","ping_status":"open","sticky":true,"template":"","format":"standard","meta":[],"categories":[47],"tags":[],"_links":{"self":[{"href":"https:\/\/pasaenmendoza.com\/index.php?rest_route=\/wp\/v2\/posts\/2833"}],"collection":[{"href":"https:\/\/pasaenmendoza.com\/index.php?rest_route=\/wp\/v2\/posts"}],"about":[{"href":"https:\/\/pasaenmendoza.com\/index.php?rest_route=\/wp\/v2\/types\/post"}],"author":[{"embeddable":true,"href":"https:\/\/pasaenmendoza.com\/index.php?rest_route=\/wp\/v2\/users\/2"}],"replies":[{"embeddable":true,"href":"https:\/\/pasaenmendoza.com\/index.php?rest_route=%2Fwp%2Fv2%2Fcomments&post=2833"}],"version-history":[{"count":1,"href":"https:\/\/pasaenmendoza.com\/index.php?rest_route=\/wp\/v2\/posts\/2833\/revisions"}],"predecessor-version":[{"id":2835,"href":"https:\/\/pasaenmendoza.com\/index.php?rest_route=\/wp\/v2\/posts\/2833\/revisions\/2835"}],"wp:featuredmedia":[{"embeddable":true,"href":"https:\/\/pasaenmendoza.com\/index.php?rest_route=\/wp\/v2\/media\/2834"}],"wp:attachment":[{"href":"https:\/\/pasaenmendoza.com\/index.php?rest_route=%2Fwp%2Fv2%2Fmedia&parent=2833"}],"wp:term":[{"taxonomy":"category","embeddable":true,"href":"https:\/\/pasaenmendoza.com\/index.php?rest_route=%2Fwp%2Fv2%2Fcategories&post=2833"},{"taxonomy":"post_tag","embeddable":true,"href":"https:\/\/pasaenmendoza.com\/index.php?rest_route=%2Fwp%2Fv2%2Ftags&post=2833"}],"curies":[{"name":"wp","href":"https:\/\/api.w.org\/{rel}","templated":true}]}}