{"id":2837,"date":"2023-11-08T12:57:31","date_gmt":"2023-11-08T11:57:31","guid":{"rendered":"https:\/\/pasaenmendoza.com\/?p=2837"},"modified":"2023-11-08T12:57:33","modified_gmt":"2023-11-08T11:57:33","slug":"llego-el-dia-definitivo-para-el-futuro-del-juez-walter-bento","status":"publish","type":"post","link":"https:\/\/pasaenmendoza.com\/?p=2837","title":{"rendered":"Lleg\u00f3 el d\u00eda definitivo para el futuro del juez Walter Bento"},"content":{"rendered":"\n<p>Luego de un largo proceso, este mi\u00e9rcoles se conocer\u00e1 la sentencia del Jury de Enjuiciamiento. Si 5 de sus 7 integrantes votan a favor de la destituci\u00f3n, perder\u00e1 los fueros y podr\u00eda quedar detenido.<\/p>\n\n\n\n<p>El camino fue sinuoso. Cargado de presiones, atajos y maniobras dilatorias. En m\u00e1s de una oportunidad\u00a0pareci\u00f3 caerse. Sin embargo, lentamente fue avanzando y, finalmente, este mi\u00e9rcoles se definir\u00e1 si destituyen o no al juez federal\u00a0<strong>Walter Bento<\/strong>. Para el magistrado lleg\u00f3 la hora de la verdad y los siete integrantes del Jury de Enjuiciamiento deben determinar si incurri\u00f3 en conductas impropias que ameritan su destituci\u00f3n. Si cinco de los siete miembros as\u00ed lo entienden, Bento perder\u00e1 los fueros y podr\u00eda quedar detenido por los ocho procesamientos penales que pesan sobre su espalda.<\/p>\n\n\n\n<p>Bento no viaj\u00f3 y espera la sentencia en Mendoza. Seg\u00fan aseguran sus defensores, en caso de ser destituido se entregar\u00e1 en Tribunales para ser detenido.<\/p>\n\n\n\n<p>Todo comenz\u00f3 con un secuestro seguido de muerte. El asesinato de Diego Aliaga, que tuvo lugar en julio del 2020,\u00a0revel\u00f3 la existencia de entramados oscuros dentro de la Justicia Federal de Mendoza.\u00a0<strong>Walter Bento\u00a0<\/strong>qued\u00f3 en el centro de la investigaci\u00f3n y eso motiv\u00f3 que\u00a0el fiscal Dante Vega lo denunciara ante el Consejo de la Magistratura\u00a0por entorpecer su tarea. Eso ocurri\u00f3 en junio del 2021 y desde entonces el expediente comenz\u00f3 un laber\u00edntico recorrido.<\/p>\n\n\n\n<p>Hoy todas las miradas est\u00e1n puestas en\u00a0Javier De la Fuente (juez), Javier Leal de Ibarra (juez), Daniel Bensus\u00e1n (senador Frente de Todos), Jos\u00e9 Torello (senador del PRO), Anah\u00ed Costa (diputada del Frente de Todos), Ana Romero (diputada del PRO) y Alfredo Barrau (abogado). Ellos son los siete integrantes del Jury de Enjuiciamiento que debe sentenciar la suerte del magistrado. Pero para muchos era poco probable que este d\u00eda llegara.<\/p>\n\n\n\n<p>La Comisi\u00f3n de Acusaci\u00f3n notific\u00f3 al magistrado y se inici\u00f3 un expediente para evaluar su conducta. Para que el tr\u00e1mite avanzara era necesario que el juez ejerciera su defensa y el proceso fue extenso. La defensa de Walter Bento apost\u00f3 desde un principio a dilatar. Proponiendo que se citara innumerables testigos o aduciendo que deb\u00eda esperarse que se resolviera la investigaci\u00f3n penal.\u00a0<\/p>\n\n\n\n<p>Las presiones pol\u00edticas existieron. A diferencia de lo que plantea el magistrado, las presiones no eran ejercidas para removerlo sino m\u00e1s bien para librarlo de culpas. A tal punto, que horas antes de dejar el Consejo de la Magistratura -el 16 de noviembre del 2022- el diputado nacional del PRO\u00a0Pablo Tonelli redact\u00f3 el dictamen pidiendo que se sometiera a Bento a\u00a0<strong>juicio pol\u00edtico<\/strong>. Lo hizo a las apuradas con temor de que, al cambiar la conformaci\u00f3n de la comisi\u00f3n de acusaci\u00f3n, el caso que \u00e9l hab\u00eda investigado cayera en desgracia.<\/p>\n\n\n\n<p>Parec\u00eda que&nbsp;<strong>Walter Bento&nbsp;<\/strong>finalmente conseguir\u00eda dormir su expediente en un caj\u00f3n. Sobre todo porque el Consejo de la Magistratura qued\u00f3 envuelto en una crisis institucional luego de que la Corte Suprema entendiera que hab\u00eda que volver a su integraci\u00f3n original de 20 miembros declarando inconstitucional la ley del a\u00f1o 2006 que bajaba el n\u00famero a 13 integrantes. La comisi\u00f3n de Disciplina y Acusaci\u00f3n dej\u00f3 de existir y se dividi\u00f3 en dos comisiones diferentes. Adem\u00e1s, una puja pol\u00edtica retras\u00f3 la designaci\u00f3n de los nuevos representantes del Congreso de la Naci\u00f3n y el reloj segu\u00eda corriendo.<\/p>\n\n\n\n<p>Fue reci\u00e9n en abril del 2023 que\u00a0qued\u00f3 conformada la nueva Comisi\u00f3n de Acusaci\u00f3n. Eso signific\u00f3 cambios de nombres y los consejeros que hab\u00edan escuchado las testimoniales y la declaraci\u00f3n del\u00a0propio Bento ya no estaban. Los nuevos consejeros pidieron tiempo para analizar los cuerpos de documentos y la cosa parec\u00eda empantanarse nuevamente. Alberto Lugones, representante de los jueces, fue uno de los aliados de Bento dentro del Consejo de la Magistratura.<\/p>\n\n\n\n<p>Pero las fichas de&nbsp;<strong>Bento&nbsp;<\/strong>se fueron agotando y el consejero Miguel Piedecasas tom\u00f3 como propio el dictamen de Tonelli y presion\u00f3 para que se tratara en la comisi\u00f3n. El 17 de mayo la Comisi\u00f3n de Acusaci\u00f3n del Consejo de la Magistratura aprob\u00f3 la acusaci\u00f3n contra&nbsp;<strong>Bento&nbsp;<\/strong>por mal desempe\u00f1o en sus funciones.&nbsp;&#8220;Se comprob\u00f3 abuso de poder obstruyendo la investigaci\u00f3n, adulter\u00f3 declaraciones juradas, tuvo desobediencia a \u00f3rdenes judiciales, false\u00f3 datos para acceder a un cr\u00e9dito hipotecario, false\u00f3 datos para entrar a un concurso. Se puso a resolver el expediente de un amigo de \u00e9l. Todo eso est\u00e1 comprobado&#8221;, manifest\u00f3 el senador radical Eduardo Vischi.<\/p>\n\n\n\n<p>R\u00e1pidamente,\u00a0el 31 de mayo el Consejo de la Magistratura se reuni\u00f3 en pleno y vot\u00f3 por unanimidad\u00a0la elevaci\u00f3n a<strong>\u00a0juicio pol\u00edtico<\/strong>. Solo hubo disidencias parciales por parte de Alberto Lugones. Bento volvi\u00f3 a defenderse, Miguel Piedecasas volvi\u00f3 a sostener la acusaci\u00f3n contra el juez y este 8 de noviembre el cap\u00edtulo se cerrar\u00e1. \u00bfCu\u00e1l ser\u00e1 la decisi\u00f3n de los integrantes del Jury de Enjuiciamiento? Habr\u00e1 que esperar hasta las 12 para conocerla.<\/p>\n\n\n\n<p>FUENTE: Mdzonline.<\/p>\n","protected":false},"excerpt":{"rendered":"<p>Luego de un largo proceso, este mi\u00e9rcoles se conocer\u00e1 la sentencia del Jury de Enjuiciamiento. Si 5 de sus 7 integrantes votan a favor de la destituci\u00f3n, perder\u00e1 los fueros y podr\u00eda quedar detenido. El camino fue sinuoso. Cargado de presiones, atajos y maniobras dilatorias. En m\u00e1s de una oportunidad\u00a0pareci\u00f3 caerse. Sin embargo, lentamente fue [&hellip;]<\/p>\n","protected":false},"author":2,"featured_media":2838,"comment_status":"open","ping_status":"open","sticky":true,"template":"","format":"standard","meta":[],"categories":[47],"tags":[],"_links":{"self":[{"href":"https:\/\/pasaenmendoza.com\/index.php?rest_route=\/wp\/v2\/posts\/2837"}],"collection":[{"href":"https:\/\/pasaenmendoza.com\/index.php?rest_route=\/wp\/v2\/posts"}],"about":[{"href":"https:\/\/pasaenmendoza.com\/index.php?rest_route=\/wp\/v2\/types\/post"}],"author":[{"embeddable":true,"href":"https:\/\/pasaenmendoza.com\/index.php?rest_route=\/wp\/v2\/users\/2"}],"replies":[{"embeddable":true,"href":"https:\/\/pasaenmendoza.com\/index.php?rest_route=%2Fwp%2Fv2%2Fcomments&post=2837"}],"version-history":[{"count":1,"href":"https:\/\/pasaenmendoza.com\/index.php?rest_route=\/wp\/v2\/posts\/2837\/revisions"}],"predecessor-version":[{"id":2839,"href":"https:\/\/pasaenmendoza.com\/index.php?rest_route=\/wp\/v2\/posts\/2837\/revisions\/2839"}],"wp:featuredmedia":[{"embeddable":true,"href":"https:\/\/pasaenmendoza.com\/index.php?rest_route=\/wp\/v2\/media\/2838"}],"wp:attachment":[{"href":"https:\/\/pasaenmendoza.com\/index.php?rest_route=%2Fwp%2Fv2%2Fmedia&parent=2837"}],"wp:term":[{"taxonomy":"category","embeddable":true,"href":"https:\/\/pasaenmendoza.com\/index.php?rest_route=%2Fwp%2Fv2%2Fcategories&post=2837"},{"taxonomy":"post_tag","embeddable":true,"href":"https:\/\/pasaenmendoza.com\/index.php?rest_route=%2Fwp%2Fv2%2Ftags&post=2837"}],"curies":[{"name":"wp","href":"https:\/\/api.w.org\/{rel}","templated":true}]}}