{"id":2840,"date":"2023-11-08T13:03:53","date_gmt":"2023-11-08T12:03:53","guid":{"rendered":"https:\/\/pasaenmendoza.com\/?p=2840"},"modified":"2023-11-08T13:03:54","modified_gmt":"2023-11-08T12:03:54","slug":"los-nombres-de-alfredo-cornejo-para-defender-su-gestion-en-la-legislatura","status":"publish","type":"post","link":"https:\/\/pasaenmendoza.com\/?p=2840","title":{"rendered":"Los nombres de Alfredo Cornejo para defender su gesti\u00f3n en la Legislatura"},"content":{"rendered":"\n<p>Este lunes 6 fueron proclamados los nuevos legisladores que jurar\u00e1n el 23 de este mes. Qui\u00e9nes suenan para ser autoridades en las C\u00e1maras y defender al oficialismo. Las negociaciones que se vienen.<\/p>\n\n\n\n<p>En Mendoza hay dos C\u00e1maras<strong>\u00a0legislativas,<\/strong>\u00a0Diputados y Senadores. Las autoridades de ambas, es decir, quienes las presiden, son elegidas por el oficialismo para &#8220;defender&#8221; los proyectos y negociar con la oposici\u00f3n. Este lunes 6 de noviembre, los nuevos legisladores recibieron sus diplomas y el pr\u00f3ximo 23 jurar\u00e1n. Camino hacia esa fecha, el gobernador electo<strong>\u00a0Alfredo Cornejo<\/strong>\u00a0deber\u00e1 decidir en di\u00e1logo con los dirigentes de su confianza qui\u00e9nes ser\u00e1n las personas elegidas para llevar adelante esa tarea.<\/p>\n\n\n\n<p>\u00bfYa est\u00e1n elegidos? Todo indica que no pero hay nombres que como siempre ocurre en la previa de una nueva gesti\u00f3n, empiezan a sonar pese a que\u00a0<strong>Cornejo<\/strong>\u00a0mantiene tanto a las autoridades de c\u00e1mara como a sus futuro gabinete de ministros en total reserva. En primer lugar hay que tener en cuenta que la vicegobernadora Hebe Casado ser\u00e1 quien presida el Senado porque es lo que corresponde constitucionalmente. La dirigente del PRO elegir\u00e1 a las personas de su confianza para llevar a cabo su funci\u00f3n. En ese sentido, se escuchan con firmeza postulantes\u00a0de su partido como Pablo Priore, un\u00a0<strong>legislador<\/strong>\u00a0a quien se le termina su funci\u00f3n, y podr\u00eda ocupar al secretar\u00eda administrativa. Adem\u00e1s, un joven de su ri\u00f1\u00f3n, Lucas Faure podr\u00eda ser el secretario administrativo pero a\u00fan no est\u00e1 confirmado oficialmente.<\/p>\n\n\n\n<p>Pero en la C\u00e1mara Alta, adem\u00e1s, se necesita ocupar tambi\u00e9n\u00a0la presidencia provisional del\u00a0Senado\u00a0que es para un senador o senadora. Es decir que es una especie de vice de Casado, con mucho poder de negociaci\u00f3n con los miembros de la oposici\u00f3n para aprobar las\u00a0<strong>leyes<\/strong>\u00a0que<strong>\u00a0Cornejo\u00a0<\/strong>env\u00ede al Senado. En ese sentido aparecen dos nombres: el actual presidente del bloque de Senadores de Cambia Mendoza, Mart\u00edn Kerchner y el intendente de Guaymall\u00e9n saliente y futuro senador Marcelino Iglesias. Pero nada est\u00e1 dicho.<\/p>\n\n\n\n<p>El primero es un dirigente de\u00a0<strong>Cornejo<\/strong>\u00a0de la primera hora, de hecho en 2019\u00a0era su postulante para la gobernaci\u00f3n pero no med\u00eda en las encuestas y finalmente termin\u00f3 siendo candidato el actual mandatario Rodolfo Suarez. Pero hay que tener en cuenta que ya tiene un cargo importante: es el presidente del bloque de Cambia Mendoza y podr\u00eda continuar en ese puesto.<\/p>\n\n\n\n<p>El segundo, Iglesias, es un experimentado pol\u00edtico quien ya ha sido legislador en los 90. Algunos dirigentes en cambio sostienen que tiene chances de continuar la actual presidenta provisional del Senado Natacha Einsechlas quien renov\u00f3 su cargo y reporta a Suarez, pero otros opinan que eso no ser\u00eda algo que finalmente ocurra.&nbsp;<\/p>\n\n\n\n<p>En\u00a0Diputados, quien volvi\u00f3 a ser electo diputado es\u00a0\u00a0Andr\u00e9s Peti Lombardi,\u00a0un dirigente de estrecha confianza de<strong>\u00a0Cornejo<\/strong>\u00a0quien actualmente ocupa la presidencia de la C\u00e1mara y de acuerdo a todos las fuentes consultadas por\u00a0<strong>MDZ<\/strong>, tiene altas chances de continuar. Lombardi sonaba en un momento como candidato a intendente de Las Heras pero declin\u00f3 su postulaci\u00f3n porque no ten\u00eda un alto conocimiento en los sondeos y se sum\u00f3 al equipo del jefe comunal electo Francisco LoPresti. Es por eso que apenas fue nombrado en la lista de candidatos a diputados en primer t\u00e9rmino, en Cambia Mendoza lo dieron como seguro para continuar en el cargo que hoy tiene.<\/p>\n\n\n\n<p>La inc\u00f3gnita est\u00e1 qui\u00e9nes ocupar\u00e1n los cargos de presidentes de bloques en la oposici\u00f3n que est\u00e1 muy reconfigurada. Lucas Ilardo, el senador de La C\u00e1mpora termina su mandato pero en el peronismo los intendentes hoy tienen much\u00edsimo peso y han desplazado a la agrupaci\u00f3n kirchnerista de las decisiones. Adem\u00e1s, entrar\u00e1 a la C\u00e1mara la diputada Gabriela Lizana quien responde al candidato presidencial Sergio Massa, que si gana el balotaje, la dirigente tendr\u00e1 una representatividad que el frente deber\u00e1 tener en cuenta. Por otro lado, La Uni\u00f3n Mendocina, que es el nuevo frente que sali\u00f3 segundo detr\u00e1s de Cambia Mendoza deber\u00e1 ponerse de acuerdo para ocupar los puestos.\u00a0\u00a0Hay que tener en cuenta que por estos d\u00edas algunos se encuentran en veredas distintas: los del PRO apoyan al candidato presidencial Javier Milei mientras que otros dirigentes como Jorge Difonso y Rolando Scanio (ambos diputados electos de Uni\u00f3n Popular) se inclinan por Massa. Pero, aseguran desde esa alianza que son un frente mendocino y que priorizar\u00e1n la unidad.\u00a0<\/p>\n\n\n\n<p>FUENTE: Mdzonline.<\/p>\n","protected":false},"excerpt":{"rendered":"<p>Este lunes 6 fueron proclamados los nuevos legisladores que jurar\u00e1n el 23 de este mes. Qui\u00e9nes suenan para ser autoridades en las C\u00e1maras y defender al oficialismo. Las negociaciones que se vienen. En Mendoza hay dos C\u00e1maras\u00a0legislativas,\u00a0Diputados y Senadores. Las autoridades de ambas, es decir, quienes las presiden, son elegidas por el oficialismo para &#8220;defender&#8221; [&hellip;]<\/p>\n","protected":false},"author":2,"featured_media":2841,"comment_status":"open","ping_status":"open","sticky":true,"template":"","format":"standard","meta":[],"categories":[47],"tags":[],"_links":{"self":[{"href":"https:\/\/pasaenmendoza.com\/index.php?rest_route=\/wp\/v2\/posts\/2840"}],"collection":[{"href":"https:\/\/pasaenmendoza.com\/index.php?rest_route=\/wp\/v2\/posts"}],"about":[{"href":"https:\/\/pasaenmendoza.com\/index.php?rest_route=\/wp\/v2\/types\/post"}],"author":[{"embeddable":true,"href":"https:\/\/pasaenmendoza.com\/index.php?rest_route=\/wp\/v2\/users\/2"}],"replies":[{"embeddable":true,"href":"https:\/\/pasaenmendoza.com\/index.php?rest_route=%2Fwp%2Fv2%2Fcomments&post=2840"}],"version-history":[{"count":1,"href":"https:\/\/pasaenmendoza.com\/index.php?rest_route=\/wp\/v2\/posts\/2840\/revisions"}],"predecessor-version":[{"id":2842,"href":"https:\/\/pasaenmendoza.com\/index.php?rest_route=\/wp\/v2\/posts\/2840\/revisions\/2842"}],"wp:featuredmedia":[{"embeddable":true,"href":"https:\/\/pasaenmendoza.com\/index.php?rest_route=\/wp\/v2\/media\/2841"}],"wp:attachment":[{"href":"https:\/\/pasaenmendoza.com\/index.php?rest_route=%2Fwp%2Fv2%2Fmedia&parent=2840"}],"wp:term":[{"taxonomy":"category","embeddable":true,"href":"https:\/\/pasaenmendoza.com\/index.php?rest_route=%2Fwp%2Fv2%2Fcategories&post=2840"},{"taxonomy":"post_tag","embeddable":true,"href":"https:\/\/pasaenmendoza.com\/index.php?rest_route=%2Fwp%2Fv2%2Ftags&post=2840"}],"curies":[{"name":"wp","href":"https:\/\/api.w.org\/{rel}","templated":true}]}}