{"id":2849,"date":"2023-11-08T13:16:10","date_gmt":"2023-11-08T12:16:10","guid":{"rendered":"https:\/\/pasaenmendoza.com\/?p=2849"},"modified":"2023-11-08T13:16:12","modified_gmt":"2023-11-08T12:16:12","slug":"la-justicia-penal-elimino-un-requisito-clave-para-ingresar-y-tuvo-mas-de-3-000-inscriptos-en-un-dia","status":"publish","type":"post","link":"https:\/\/pasaenmendoza.com\/?p=2849","title":{"rendered":"La Justicia penal elimin\u00f3 un requisito clave para ingresar y tuvo m\u00e1s de 3.000 inscriptos en un d\u00eda"},"content":{"rendered":"\n<p>El&nbsp;<strong>Ministerio P\u00fablico Fiscal<\/strong>&nbsp;registr\u00f3&nbsp;<strong>3.214 personas<\/strong>&nbsp;en el primer d\u00eda de inscripciones del concurso para integrar su planta de personal T\u00e9cnico y Administrativo. Desde el Poder Judicial informaron adem\u00e1s que<strong>&nbsp;se elimin\u00f3 el tope de edad m\u00e1xima<\/strong>&nbsp;para inscribirse. La posibilidad de anotarse se extender\u00e1&nbsp;<strong>hasta el 13 de noviembre<\/strong>&nbsp;y ser\u00e1 digital.<\/p>\n\n\n\n<p>El MPF lanz\u00f3 el\u00a0<strong>concurso<\/strong>\u00a0despu\u00e9s de 5 a\u00f1os, justo al tiempo que\u00a0la Suprema Corte de Justicia culmin\u00f3 los ex\u00e1menes para el ingreso de aspirantes a los fueros civiles, comerciales y de familia.<\/p>\n\n\n\n<p><strong>Las funciones de los cargos a concursar (500 en total)<\/strong>&nbsp;incluyen tareas administrativas y de apoyo t\u00e9cnico y\/o jur\u00eddico en las Oficinas Fiscales ubicadas dentro de la Primera y Tercera Circunscripci\u00f3n Judicial, en tanto que en la Segunda Circunscripci\u00f3n Judicial ser\u00e1n tareas en las Unidades Fiscales Oficinas Fiscales y Dependencias Administrativas.<\/p>\n\n\n\n<p>En particular, la tarea consiste en la\u00a0<strong>instrucci\u00f3n de expedientes penales<\/strong>\u00a0(recepci\u00f3n de denuncias, testimonios, tramitaci\u00f3n de las medidas de investigaci\u00f3n iniciales y notificaciones a personas imputadas y\/o sospechadas).<\/p>\n\n\n\n<h2 class=\"wp-block-heading\">Los requisitos para inscribirse para entrar al Ministerio P\u00fablico Fiscal de Mendoza<\/h2>\n\n\n\n<p>En el anexo de la resoluci\u00f3n 606\/2023 figuraba entre los requisitos &#8220;no haber cumplido 41 a\u00f1os de edad a la fecha de la inscripci\u00f3n&#8221;. Pero con el correr de los d\u00edas,&nbsp;<strong>desde el Ministerio P\u00fablico Fiscal decidieron eliminar esa traba<\/strong>.<\/p>\n\n\n\n<p>As\u00ed, las condiciones excluyentes son:<\/p>\n\n\n\n<ul>\n<li>Ser argentino\/a o residente permanente en el pa\u00eds.<\/li>\n\n\n\n<li>Tener 18 a\u00f1os de edad cumplidos a la fecha de la inscripci\u00f3n.<\/li>\n\n\n\n<li>Presentaci\u00f3n de copia del DNI vigente<\/li>\n\n\n\n<li>No tener antecedentes penales o procesos penales en tr\u00e1mite.<\/li>\n\n\n\n<li>Poseer t\u00edtulo de ense\u00f1anza secundaria o polimodal completa a la fecha de la inscripci\u00f3n.<\/li>\n\n\n\n<li>Declarar conocer y aceptar el perfil psicolaboral y de puesto de trabajo que se publica en la p\u00e1gina web del MPF.<\/li>\n\n\n\n<li>Aprobar el concurso de ingreso al MPF, reglamentado por la presente normativa.<\/li>\n<\/ul>\n\n\n\n<p>La\u00a0<strong>inscripci\u00f3n<\/strong>\u00a0se realiza de manera digital en la p\u00e1gina oficial\u00a0<strong>http:\/\/concurso.mpfmza.gob.ar<\/strong>. Los ex\u00e1menes se toman de presencialmente.<\/p>\n\n\n\n<h2 class=\"wp-block-heading\">500 cargos a cubrir en el Ministerio P\u00fablico Fiscal<\/h2>\n\n\n\n<p><strong>Primera Circunscripci\u00f3n Judicial<\/strong>: el cupo a cubrir en el presente llamado ser\u00e1 de doscientos (200) cargos, los cuales ser\u00e1n convocados conforme al orden de m\u00e9rito a medida que se generen las vacantes y en base a las necesidades del Ministerio P\u00fablico Fiscal. Si por circunstancias excepcionales, el n\u00famero de aspirantes que apruebe los ex\u00e1menes no sea suficiente para cubrir los doscientos (200) cupos, se realizar\u00e1 un nuevo llamado a concurso.<\/p>\n\n\n\n<p><strong>Segunda Circunscripci\u00f3n Judicial<\/strong>: el cupo a cubrir en el presente llamado ser\u00e1 de ciento cincuenta (150) cargos, los cuales ser\u00e1n convocados conforme al orden de m\u00e9rito a medida que se generen las vacantes y en base a las necesidades del Ministerio P\u00fablico Fiscal. Si por circunstancias excepcionales, el n\u00famero de aspirantes que apruebe los ex\u00e1menes no sea suficiente para cubrir los ciento cincuenta (150) cupos, se realizar\u00e1 un nuevo llamado a concurso.<\/p>\n\n\n\n<p><strong>Tercera Circunscripci\u00f3n Judicial<\/strong>: el cupo a cubrir en el presente llamado ser\u00e1 de ciento cincuenta (150) cargos, los cuales ser\u00e1n convocados conforme al orden de m\u00e9rito a medida que se generen las vacantes y en base a las necesidades del Ministerio P\u00fablico Fiscal. Si por circunstancias excepcionales, el n\u00famero de aspirantes que apruebe los ex\u00e1menes no sea suficiente para cubrir los ciento cincuenta (150) cupos, se realizar\u00e1 un nuevo llamado a concurso.<\/p>\n\n\n\n<p><strong>Se evaluar\u00e1 en dactilograf\u00eda, ortograf\u00eda, conocimientos inform\u00e1ticos y conocimientos te\u00f3ricos jur\u00eddicos<\/strong><\/p>\n\n\n\n<h2 class=\"wp-block-heading\">C\u00f3mo ser\u00e1n los ex\u00e1menes<\/h2>\n\n\n\n<p>El Ministerio P\u00fablico Fiscal apost\u00f3 por la vieja modalidad de cuatro instancias de ex\u00e1menes presenciales y eliminatorios:&nbsp;<strong>dactilograf\u00eda, ortograf\u00eda, conocimientos inform\u00e1ticos y conocimientos te\u00f3ricos jur\u00eddicos<\/strong>.<\/p>\n\n\n\n<p>Quienes aprueben los cuatro ex\u00e1menes formar\u00e1n un orden de m\u00e9rito y ser\u00e1n convocados a una instancia de&nbsp;<strong>evaluaci\u00f3n psicolaboral<\/strong>&nbsp;donde se evaluar\u00e1 si el postulante re\u00fane o no los requisitos aptitudinales y psicolaborales del puesto de personal t\u00e9cnico y de administraci\u00f3n.<\/p>\n\n\n\n<p>Los aspirantes que hayan aprobado las instancias anteriores deber\u00e1n luego realizarse los\u00a0<strong>ex\u00e1menes f\u00edsicos<\/strong>, siendo ello requisito indispensable para ingresar en la n\u00f3mina de aspirantes definitiva.<\/p>\n\n\n\n<p><strong>Fuente: www.diariouno.com.ar<\/strong><\/p>\n","protected":false},"excerpt":{"rendered":"<p>El&nbsp;Ministerio P\u00fablico Fiscal&nbsp;registr\u00f3&nbsp;3.214 personas&nbsp;en el primer d\u00eda de inscripciones del concurso para integrar su planta de personal T\u00e9cnico y Administrativo. Desde el Poder Judicial informaron adem\u00e1s que&nbsp;se elimin\u00f3 el tope de edad m\u00e1xima&nbsp;para inscribirse. La posibilidad de anotarse se extender\u00e1&nbsp;hasta el 13 de noviembre&nbsp;y ser\u00e1 digital. El MPF lanz\u00f3 el\u00a0concurso\u00a0despu\u00e9s de 5 a\u00f1os, justo al [&hellip;]<\/p>\n","protected":false},"author":2,"featured_media":2853,"comment_status":"open","ping_status":"open","sticky":false,"template":"","format":"standard","meta":[],"categories":[50],"tags":[],"_links":{"self":[{"href":"https:\/\/pasaenmendoza.com\/index.php?rest_route=\/wp\/v2\/posts\/2849"}],"collection":[{"href":"https:\/\/pasaenmendoza.com\/index.php?rest_route=\/wp\/v2\/posts"}],"about":[{"href":"https:\/\/pasaenmendoza.com\/index.php?rest_route=\/wp\/v2\/types\/post"}],"author":[{"embeddable":true,"href":"https:\/\/pasaenmendoza.com\/index.php?rest_route=\/wp\/v2\/users\/2"}],"replies":[{"embeddable":true,"href":"https:\/\/pasaenmendoza.com\/index.php?rest_route=%2Fwp%2Fv2%2Fcomments&post=2849"}],"version-history":[{"count":1,"href":"https:\/\/pasaenmendoza.com\/index.php?rest_route=\/wp\/v2\/posts\/2849\/revisions"}],"predecessor-version":[{"id":2854,"href":"https:\/\/pasaenmendoza.com\/index.php?rest_route=\/wp\/v2\/posts\/2849\/revisions\/2854"}],"wp:featuredmedia":[{"embeddable":true,"href":"https:\/\/pasaenmendoza.com\/index.php?rest_route=\/wp\/v2\/media\/2853"}],"wp:attachment":[{"href":"https:\/\/pasaenmendoza.com\/index.php?rest_route=%2Fwp%2Fv2%2Fmedia&parent=2849"}],"wp:term":[{"taxonomy":"category","embeddable":true,"href":"https:\/\/pasaenmendoza.com\/index.php?rest_route=%2Fwp%2Fv2%2Fcategories&post=2849"},{"taxonomy":"post_tag","embeddable":true,"href":"https:\/\/pasaenmendoza.com\/index.php?rest_route=%2Fwp%2Fv2%2Ftags&post=2849"}],"curies":[{"name":"wp","href":"https:\/\/api.w.org\/{rel}","templated":true}]}}