{"id":2852,"date":"2023-11-08T13:19:13","date_gmt":"2023-11-08T12:19:13","guid":{"rendered":"https:\/\/pasaenmendoza.com\/?p=2852"},"modified":"2023-11-08T13:19:14","modified_gmt":"2023-11-08T12:19:14","slug":"renuncio-un-director-de-impsa-que-trabajo-para-menem-y-alfonsin","status":"publish","type":"post","link":"https:\/\/pasaenmendoza.com\/?p=2852","title":{"rendered":"Renunci\u00f3 un director de IMPSA que trabaj\u00f3 para Menem y Alfons\u00edn"},"content":{"rendered":"\n<p>Uno de los directores titulares de IMPSA,\u00a0<strong>Carlos Faustino Garc\u00eda<\/strong>, present\u00f3 su\u00a0<strong>renuncia<\/strong>, la cual fue aceptada por sus pares. El a\u00f1o pasado, Garc\u00eda hab\u00eda asumido en el directorio en representaci\u00f3n de las\u00a0<strong>acciones Clase C (Estado Nacional)<\/strong>, con reel aval del ministro de Econom\u00eda,\u00a0<strong>Sergio Massa.<\/strong><\/p>\n\n\n\n<p>Seg\u00fan inform\u00f3 la compa\u00f1\u00eda a la Comisi\u00f3n Nacional de Valores (<strong>CNV<\/strong>), d\u00edas atr\u00e1s &#8220;el Directorio de IMPSA resolvi\u00f3 aceptar por unanimidad la renuncia a su cargo presentada por uno de los Directores titulares designados por la Clase C de acciones, se\u00f1or Carlos Faustino Garc\u00eda, debido a&nbsp;<strong>razones personales&#8221;<\/strong>.<\/p>\n\n\n\n<p>En la\u00a0<strong>pr\u00f3xima asamblea<\/strong>\u00a0de Accionistas de IMPSA, que tendr\u00e1 lugar el\u00a0<strong>29 de noviembre<\/strong>, se designar\u00e1 al\u00a0<strong>reemplazante<\/strong>\u00a0de Garc\u00eda, entre otras definiciones.<\/p>\n\n\n\n<p>Antes de ser nombrado director de las acciones Clase C de IMPSA, Carlos Faustino Garc\u00eda desarroll\u00f3 una carrera diplom\u00e1tica: entre 2011 y 2017 fue<strong>&nbsp;embajador argentino en Israel<\/strong>&nbsp;y, previamente, encabez\u00f3 la embajada en&nbsp;<strong>Tailandia<\/strong>. Tambi\u00e9n fue funcionario de&nbsp;<strong>Ra\u00fal Alfons\u00edn y<\/strong>&nbsp;<strong>Carlos Menem<\/strong>&nbsp;.<\/p>\n\n\n\n<p>Entre otros cargos, en la presidencia de Alfons\u00edn, Garc\u00eda fue&nbsp;<strong>Director Nacional de Exportaciones (1986-1987)<\/strong>, mientras que durante el gobierno de Menem se desempe\u00f1\u00f3 como<strong>&nbsp;Director General de Promoci\u00f3n del Comercio Exterior (1993- 1996)<\/strong>.<\/p>\n\n\n\n<p>Junto con Garc\u00eda, el a\u00f1o pasado Massa eligi\u00f3 a otros dos funcionarios suyos para ser directores en IMPSA:\u00a0<strong>Gabriel Vienni<\/strong>, actual presidente de la compa\u00f1\u00eda, y\u00a0<strong>Mar\u00eda Garibotti<\/strong>.<\/p>\n\n\n\n<p>FUENTE: mendozapost.<\/p>\n\n\n\n<p><\/p>\n","protected":false},"excerpt":{"rendered":"<p>Uno de los directores titulares de IMPSA,\u00a0Carlos Faustino Garc\u00eda, present\u00f3 su\u00a0renuncia, la cual fue aceptada por sus pares. El a\u00f1o pasado, Garc\u00eda hab\u00eda asumido en el directorio en representaci\u00f3n de las\u00a0acciones Clase C (Estado Nacional), con reel aval del ministro de Econom\u00eda,\u00a0Sergio Massa. Seg\u00fan inform\u00f3 la compa\u00f1\u00eda a la Comisi\u00f3n Nacional de Valores (CNV), d\u00edas [&hellip;]<\/p>\n","protected":false},"author":2,"featured_media":2855,"comment_status":"open","ping_status":"open","sticky":true,"template":"","format":"standard","meta":[],"categories":[47],"tags":[],"_links":{"self":[{"href":"https:\/\/pasaenmendoza.com\/index.php?rest_route=\/wp\/v2\/posts\/2852"}],"collection":[{"href":"https:\/\/pasaenmendoza.com\/index.php?rest_route=\/wp\/v2\/posts"}],"about":[{"href":"https:\/\/pasaenmendoza.com\/index.php?rest_route=\/wp\/v2\/types\/post"}],"author":[{"embeddable":true,"href":"https:\/\/pasaenmendoza.com\/index.php?rest_route=\/wp\/v2\/users\/2"}],"replies":[{"embeddable":true,"href":"https:\/\/pasaenmendoza.com\/index.php?rest_route=%2Fwp%2Fv2%2Fcomments&post=2852"}],"version-history":[{"count":1,"href":"https:\/\/pasaenmendoza.com\/index.php?rest_route=\/wp\/v2\/posts\/2852\/revisions"}],"predecessor-version":[{"id":2856,"href":"https:\/\/pasaenmendoza.com\/index.php?rest_route=\/wp\/v2\/posts\/2852\/revisions\/2856"}],"wp:featuredmedia":[{"embeddable":true,"href":"https:\/\/pasaenmendoza.com\/index.php?rest_route=\/wp\/v2\/media\/2855"}],"wp:attachment":[{"href":"https:\/\/pasaenmendoza.com\/index.php?rest_route=%2Fwp%2Fv2%2Fmedia&parent=2852"}],"wp:term":[{"taxonomy":"category","embeddable":true,"href":"https:\/\/pasaenmendoza.com\/index.php?rest_route=%2Fwp%2Fv2%2Fcategories&post=2852"},{"taxonomy":"post_tag","embeddable":true,"href":"https:\/\/pasaenmendoza.com\/index.php?rest_route=%2Fwp%2Fv2%2Ftags&post=2852"}],"curies":[{"name":"wp","href":"https:\/\/api.w.org\/{rel}","templated":true}]}}