{"id":2857,"date":"2023-11-08T13:25:31","date_gmt":"2023-11-08T12:25:31","guid":{"rendered":"https:\/\/pasaenmendoza.com\/?p=2857"},"modified":"2023-11-08T13:25:32","modified_gmt":"2023-11-08T12:25:32","slug":"el-sute-bajara-a-las-bases-la-nueva-oferta-salarial-y-el-15-de-noviembre-se-votara-en-plenario","status":"publish","type":"post","link":"https:\/\/pasaenmendoza.com\/?p=2857","title":{"rendered":"El SUTE bajar\u00e1 a las bases la nueva oferta salarial y el 15 de noviembre se votar\u00e1 en plenario"},"content":{"rendered":"\n<p>Tras el cuarto intermedio de hace una semana, los representantes del\u00a0<strong>Gobierno y el SUTE mantuvieron\u00a0<\/strong>este martes una\u00a0<strong>reuni\u00f3n\u00a0<\/strong>como parte de las paritarias estales. En la mesa,\u00a0se ofreci\u00f3 una nueva propuesta salarial, la cual ser\u00e1 llevada a las bases en todas las escuelas de la provincia.<\/p>\n\n\n\n<p>El&nbsp;<strong>14 de noviembre se realizar\u00e1n los plenarios departamentales y al d\u00eda siguiente se votar\u00e1 por s\u00ed o por no.<\/strong><\/p>\n\n\n\n<p>El encuentro con el SUTE -el tercero- se concret\u00f3 en la Subsecretar\u00eda de Trabajo como parte de la serie de negociaciones que el Gobierno mantiene con los gremios, entre ellos\u00a0<strong>ATE y AMPROS, cuyos representantes ya rechazaron el ofrecimiento salarial<\/strong>.<\/p>\n\n\n\n<h2 class=\"wp-block-heading\">La propuesta que se llev\u00f3 el SUTE<\/h2>\n\n\n\n<p>Desde el Ejecutivo aclararon que la oferta realizada consider\u00f3 los efectos negativos sobre las finanzas provinciales que tendr\u00e1n las recientes modificaciones en la pol\u00edtica tributaria nacional. &#8220;Es nuestra obligaci\u00f3n tomar en cuenta su repercusi\u00f3n a fin de asegurar el pago de los salarios&#8221;, remarcaron.<\/p>\n\n\n\n<p><strong>En concreto. se present\u00f3 el siguiente incremento salarial:<\/strong><\/p>\n\n\n\n<ul>\n<li>&nbsp;Noviembre: 14% al b\u00e1sico y 18% al estado docente.<\/li>\n\n\n\n<li>Diciembre: 14% al b\u00e1sico. y 18% al estado docente.<\/li>\n<\/ul>\n\n\n\n<p><strong>Respecto a los celadores:<\/strong><\/p>\n\n\n\n<ul>\n<li>&nbsp;Noviembre: 14% al b\u00e1sico y 18% al Convenio Celadores paritaria 2008 y 2013<\/li>\n\n\n\n<li>Diciembre: 14% al b\u00e1sico y 18% al Convenio Celadores paritaria 2008 y 2013.<\/li>\n<\/ul>\n\n\n\n<ul>\n<li><strong>Adem\u00e1s, se ofreci\u00f3 una suma para los meses de enero, febrero y marzo que consiste en un 5,8% para cada mes.<\/strong>\u00a0Se estableci\u00f3 una\u00a0<strong>cl\u00e1usula de garant\u00eda,<\/strong>\u00a0seg\u00fan la cual si durante los meses de enero y febrero la inflaci\u00f3n acumulada fuese superior al 12%, el Gobierno de la Provincia adelantar\u00eda las pr\u00f3ximas reuniones paritarias del 2024.<\/li>\n\n\n\n<li>Con esta recomposici\u00f3n salarial, a un docente inicial se le asegurar\u00e1 $220.000 por cargo y a los de mayor antig\u00fcedad $290.000 en noviembre mientras que para diciembre estos valores ser\u00e1n de $250.000 y $310.000 respectivamente.<\/li>\n<\/ul>\n\n\n\n<p>Desde el SUTE destacaron que en este caso se atendieron los<strong>&nbsp;reclamos en los adicionales jer\u00e1rquicos y se avanz\u00f3 en la situaci\u00f3n de trabajadores y trabajadoras de la Direcci\u00f3n de Orientaci\u00f3n y Apoyo Interdisciplinario a las trayectorias Escolares<\/strong>&nbsp;(Doaite), quienes no solo podr\u00e1n titularizar, sino que, se les reincorporar\u00e1 un adicional por la funci\u00f3n que llevan adelante.<\/p>\n\n\n\n<p>Asimismo&nbsp;<strong>se presentaron mejoras en la antig\u00fcedad de celadores y celadoras y un aumento en los porcentuales por t\u00edtulos desde primaria, secundaria y superior<\/strong>&nbsp;(terciaria y universitario).<\/p>\n\n\n\n<p>Tambi\u00e9n durante la reuni\u00f3n se fij\u00f3 una mesa t\u00e9cnica para mediados de diciembre. En ella se establecer\u00e1 el monto y la fecha del pago de ayuda de \u00fatiles y vestimenta indexado a los \u00edndices de inflaci\u00f3n. Se eligi\u00f3 esa fecha para contar con datos m\u00e1s precisos.<\/p>\n\n\n\n<p>&#8220;El sector docente, en la paritaria anterior, trajo inquietudes respecto a temas espec\u00edficos y esos temas se han ido trabajando en las mesas t\u00e9cnicas. Hoy le acercamos una propuesta integral respecto a esos pedidos y esperamos que el gremio pueda bajar esta propuesta a sus representantes para darnos una respuesta definitiva en los pr\u00f3ximos d\u00edas\u201d, agreg\u00f3 la subsecretaria Beatriz Mart\u00ednez.<\/p>\n\n\n\n<p><strong>Fuente: www.diariouno.com.ar<\/strong><\/p>\n","protected":false},"excerpt":{"rendered":"<p>Tras el cuarto intermedio de hace una semana, los representantes del\u00a0Gobierno y el SUTE mantuvieron\u00a0este martes una\u00a0reuni\u00f3n\u00a0como parte de las paritarias estales. En la mesa,\u00a0se ofreci\u00f3 una nueva propuesta salarial, la cual ser\u00e1 llevada a las bases en todas las escuelas de la provincia. El&nbsp;14 de noviembre se realizar\u00e1n los plenarios departamentales y al d\u00eda [&hellip;]<\/p>\n","protected":false},"author":2,"featured_media":2858,"comment_status":"open","ping_status":"open","sticky":false,"template":"","format":"standard","meta":[],"categories":[56],"tags":[],"_links":{"self":[{"href":"https:\/\/pasaenmendoza.com\/index.php?rest_route=\/wp\/v2\/posts\/2857"}],"collection":[{"href":"https:\/\/pasaenmendoza.com\/index.php?rest_route=\/wp\/v2\/posts"}],"about":[{"href":"https:\/\/pasaenmendoza.com\/index.php?rest_route=\/wp\/v2\/types\/post"}],"author":[{"embeddable":true,"href":"https:\/\/pasaenmendoza.com\/index.php?rest_route=\/wp\/v2\/users\/2"}],"replies":[{"embeddable":true,"href":"https:\/\/pasaenmendoza.com\/index.php?rest_route=%2Fwp%2Fv2%2Fcomments&post=2857"}],"version-history":[{"count":2,"href":"https:\/\/pasaenmendoza.com\/index.php?rest_route=\/wp\/v2\/posts\/2857\/revisions"}],"predecessor-version":[{"id":2860,"href":"https:\/\/pasaenmendoza.com\/index.php?rest_route=\/wp\/v2\/posts\/2857\/revisions\/2860"}],"wp:featuredmedia":[{"embeddable":true,"href":"https:\/\/pasaenmendoza.com\/index.php?rest_route=\/wp\/v2\/media\/2858"}],"wp:attachment":[{"href":"https:\/\/pasaenmendoza.com\/index.php?rest_route=%2Fwp%2Fv2%2Fmedia&parent=2857"}],"wp:term":[{"taxonomy":"category","embeddable":true,"href":"https:\/\/pasaenmendoza.com\/index.php?rest_route=%2Fwp%2Fv2%2Fcategories&post=2857"},{"taxonomy":"post_tag","embeddable":true,"href":"https:\/\/pasaenmendoza.com\/index.php?rest_route=%2Fwp%2Fv2%2Ftags&post=2857"}],"curies":[{"name":"wp","href":"https:\/\/api.w.org\/{rel}","templated":true}]}}