{"id":2861,"date":"2023-11-08T13:32:22","date_gmt":"2023-11-08T12:32:22","guid":{"rendered":"https:\/\/pasaenmendoza.com\/?p=2861"},"modified":"2023-11-08T13:32:24","modified_gmt":"2023-11-08T12:32:24","slug":"anses-anuncio-una-excelente-noticia-relacionada-al-credito-de-trabajadores","status":"publish","type":"post","link":"https:\/\/pasaenmendoza.com\/?p=2861","title":{"rendered":"ANSES anunci\u00f3 una EXCELENTE noticia relacionada al CR\u00c9DITO de TRABAJADORES"},"content":{"rendered":"\n<p><strong>ANSES<\/strong>\u00a0sorprendi\u00f3 en los \u00faltimos d\u00edas con el anuncio del aumento en el tope de los\u00a0<strong>cr\u00e9ditos<\/strong>\u00a0creados para\u00a0<strong>trabajadores\u00a0<\/strong>del sector privado y otro para jubilados. A partir de esta modificaci\u00f3n, la solicitud de este pr\u00e9stamo creci\u00f3 a niveles impensados, por lo que el ente nacional debi\u00f3 tomar otra medida.<\/p>\n\n\n\n<p><strong>ANSES\u00a0<\/strong>decidi\u00f3 tomar una medida extraordinaria para aquellos\u00a0<strong>trabajadores\u00a0<\/strong>del sector privado que quieran, o ya hayan solicitado, el\u00a0<strong>cr\u00e9dito\u00a0<\/strong>de un mill\u00f3n de pesos. En concordancia con esta decisi\u00f3n del aumento del tope del pr\u00e9stamo, la Administraci\u00f3n P\u00fablica de la Seguridad Social opt\u00f3 por abrir un d\u00eda exclusivo para poder dedicarse de lleno con este tr\u00e1mite.<\/p>\n\n\n\n<h2 class=\"wp-block-heading\">ANSES tom\u00f3 una importante medida para el cr\u00e9dito de trabajadores<\/h2>\n\n\n\n<p>En agosto,&nbsp;<strong>ANSES&nbsp;<\/strong>anunci\u00f3 la creaci\u00f3n de este importante&nbsp;<strong>cr\u00e9dito<\/strong>, el cual en ese entonces era de 400 mil pesos, y estaba disponible para&nbsp;<strong>trabajadores&nbsp;<\/strong>privados y jubilados.<\/p>\n\n\n\n<p>Ante la excesiva cantidad de turnos de solicitud para este&nbsp;<strong>cr\u00e9dito<\/strong>,&nbsp;<strong>ANSES&nbsp;<\/strong>opt\u00f3 por abrir sus puertas durante los s\u00e1bados para normalizar las exigencias del tr\u00e1mite puntualmente de&nbsp;<strong>jubilados<\/strong>.<\/p>\n\n\n\n<p>Tras el anuncio del cambio de los topes en los pr\u00e9stamos dispuestos,\u00a0<strong>ANSES\u00a0<\/strong>decidi\u00f3 trabajar de manera extraordinaria el s\u00e1bado 4 y 11 de noviembre, de 8 a 14, para normalizar la situaci\u00f3n de los tr\u00e1mites de\u00a0<strong>trabajadores<\/strong>.<\/p>\n\n\n\n<h2 class=\"wp-block-heading\">Qued\u00f3 habilitado el nuevo cr\u00e9dito de ANSES<\/h2>\n\n\n\n<p>Fernanda Raverta, directora de\u00a0<strong>ANSES<\/strong>, con Sergio Massa, candidato a Presidente, anunciaron la modificaci\u00f3n en los montos de los\u00a0<strong>cr\u00e9ditos\u00a0<\/strong>disponibles. De acuerdo con lo comentado por el ente, se vieron modificados los montos del\u00a0<strong>cr\u00e9dito<\/strong>, pasando de 400 mil a un mill\u00f3n para\u00a0<strong>trabajadores<\/strong>, y de 400 mil a 600 mil en caso de\u00a0<strong>jubilados<\/strong>.<\/p>\n\n\n\n<p>Desde el pasado 6 de noviembre qued\u00f3 disponible la posibilidad de solicitar este&nbsp;<strong>cr\u00e9dito&nbsp;<\/strong>de mayor cantidad.<\/p>\n\n\n\n<p>En cuanto a las&nbsp;<strong>cuotas&nbsp;<\/strong>a pagar,&nbsp;<strong>ANSES&nbsp;<\/strong>dio a conocer que se podr\u00e1 pagar en en 24, 36 \u00f3 48. La cuota&nbsp;<strong>no puede superar el 20%&nbsp;<\/strong>de la remuneraci\u00f3n bruta mensual del trabajador privado.<\/p>\n\n\n\n<p>A trav\u00e9s de la p\u00e1gina oficial y aplicaci\u00f3n de\u00a0<strong>ANSES<\/strong>, los interesados pueden calcular el monto a pagar mes a mes, teniendo en consideraci\u00f3n la cantidad de cuotas que se deben pagar. Es importante remarcar que la tasa de inter\u00e9s del\u00a0<strong>cr\u00e9dito\u00a0<\/strong>es del 50%, lo cual es pr\u00e1cticamente menos de la mitad de lo que ofrecen entidades bancarias.<\/p>\n\n\n\n<p><strong>Fuente: www.diariouno.com.ar<\/strong><\/p>\n","protected":false},"excerpt":{"rendered":"<p>ANSES\u00a0sorprendi\u00f3 en los \u00faltimos d\u00edas con el anuncio del aumento en el tope de los\u00a0cr\u00e9ditos\u00a0creados para\u00a0trabajadores\u00a0del sector privado y otro para jubilados. A partir de esta modificaci\u00f3n, la solicitud de este pr\u00e9stamo creci\u00f3 a niveles impensados, por lo que el ente nacional debi\u00f3 tomar otra medida. ANSES\u00a0decidi\u00f3 tomar una medida extraordinaria para aquellos\u00a0trabajadores\u00a0del sector privado [&hellip;]<\/p>\n","protected":false},"author":2,"featured_media":2865,"comment_status":"open","ping_status":"open","sticky":false,"template":"","format":"standard","meta":[],"categories":[57],"tags":[],"_links":{"self":[{"href":"https:\/\/pasaenmendoza.com\/index.php?rest_route=\/wp\/v2\/posts\/2861"}],"collection":[{"href":"https:\/\/pasaenmendoza.com\/index.php?rest_route=\/wp\/v2\/posts"}],"about":[{"href":"https:\/\/pasaenmendoza.com\/index.php?rest_route=\/wp\/v2\/types\/post"}],"author":[{"embeddable":true,"href":"https:\/\/pasaenmendoza.com\/index.php?rest_route=\/wp\/v2\/users\/2"}],"replies":[{"embeddable":true,"href":"https:\/\/pasaenmendoza.com\/index.php?rest_route=%2Fwp%2Fv2%2Fcomments&post=2861"}],"version-history":[{"count":1,"href":"https:\/\/pasaenmendoza.com\/index.php?rest_route=\/wp\/v2\/posts\/2861\/revisions"}],"predecessor-version":[{"id":2866,"href":"https:\/\/pasaenmendoza.com\/index.php?rest_route=\/wp\/v2\/posts\/2861\/revisions\/2866"}],"wp:featuredmedia":[{"embeddable":true,"href":"https:\/\/pasaenmendoza.com\/index.php?rest_route=\/wp\/v2\/media\/2865"}],"wp:attachment":[{"href":"https:\/\/pasaenmendoza.com\/index.php?rest_route=%2Fwp%2Fv2%2Fmedia&parent=2861"}],"wp:term":[{"taxonomy":"category","embeddable":true,"href":"https:\/\/pasaenmendoza.com\/index.php?rest_route=%2Fwp%2Fv2%2Fcategories&post=2861"},{"taxonomy":"post_tag","embeddable":true,"href":"https:\/\/pasaenmendoza.com\/index.php?rest_route=%2Fwp%2Fv2%2Ftags&post=2861"}],"curies":[{"name":"wp","href":"https:\/\/api.w.org\/{rel}","templated":true}]}}