{"id":2862,"date":"2023-11-08T13:31:13","date_gmt":"2023-11-08T12:31:13","guid":{"rendered":"https:\/\/pasaenmendoza.com\/?p=2862"},"modified":"2023-11-08T13:31:14","modified_gmt":"2023-11-08T12:31:14","slug":"pronostico-en-mendoza-como-estara-el-tiempo-este-miercoles","status":"publish","type":"post","link":"https:\/\/pasaenmendoza.com\/?p=2862","title":{"rendered":"Pron\u00f3stico en Mendoza: c\u00f3mo estar\u00e1 el tiempo este mi\u00e9rcoles"},"content":{"rendered":"\n<p>Luego de una jornada c\u00e1lida con la presencia de&nbsp;<strong>viento Zonda&nbsp;<\/strong>en algunos sectores de la provincia, este&nbsp;<strong>mi\u00e9rcoles&nbsp;<\/strong>se espera un leve descenso de&nbsp;<strong>temperatura<\/strong>, dejando como consecuencia una jornada agradable.<\/p>\n\n\n\n<p>Seg\u00fan inform\u00f3 Contingencias Clim\u00e1ticas, se espera un cielo con poca nubosidad y vientos leves del sector este.&nbsp;<mark>La temperatura oscilar\u00e1 entre los 12\u00b0 y 27\u00b0.<\/mark><\/p>\n\n\n\n<p>La estabilidad en las condiciones clim\u00e1ticas permanecer\u00e1n hasta el pr\u00f3ximo viernes, cuando se esperan tormentas, producto de un\u00a0<strong>frente fr\u00edo<\/strong>\u00a0que incluso podr\u00eda provocar inestabilidad en Alta Monta\u00f1a.<\/p>\n\n\n\n<p><strong>El tiempo en Cordillera<\/strong><\/p>\n\n\n\n<p>En el sector cordillerano de la provincia se espera una jornada con cielo parcialmente nublado, una m\u00ednima de -3\u00b0 y una m\u00e1xima de 6\u00b0.<\/p>\n\n\n\n<p>En tanto, advierten que habr\u00e1 un fin de semana complicado, con inestabilidad que comenzar\u00eda a partir de la tarde de este jueves y se extender\u00eda hasta el pr\u00f3ximo lunes.<\/p>\n\n\n\n<p>Por el momento, el Paso Internacional Cristo Redentor se encuentra habilitado para todo tipo de veh\u00edculos las 24 horas.<\/p>\n\n\n\n<p><strong>Fuente: www.elsol.com.ar<\/strong><\/p>\n","protected":false},"excerpt":{"rendered":"<p>Luego de una jornada c\u00e1lida con la presencia de&nbsp;viento Zonda&nbsp;en algunos sectores de la provincia, este&nbsp;mi\u00e9rcoles&nbsp;se espera un leve descenso de&nbsp;temperatura, dejando como consecuencia una jornada agradable. Seg\u00fan inform\u00f3 Contingencias Clim\u00e1ticas, se espera un cielo con poca nubosidad y vientos leves del sector este.&nbsp;La temperatura oscilar\u00e1 entre los 12\u00b0 y 27\u00b0. La estabilidad en las [&hellip;]<\/p>\n","protected":false},"author":2,"featured_media":2863,"comment_status":"open","ping_status":"open","sticky":false,"template":"","format":"standard","meta":[],"categories":[52],"tags":[],"_links":{"self":[{"href":"https:\/\/pasaenmendoza.com\/index.php?rest_route=\/wp\/v2\/posts\/2862"}],"collection":[{"href":"https:\/\/pasaenmendoza.com\/index.php?rest_route=\/wp\/v2\/posts"}],"about":[{"href":"https:\/\/pasaenmendoza.com\/index.php?rest_route=\/wp\/v2\/types\/post"}],"author":[{"embeddable":true,"href":"https:\/\/pasaenmendoza.com\/index.php?rest_route=\/wp\/v2\/users\/2"}],"replies":[{"embeddable":true,"href":"https:\/\/pasaenmendoza.com\/index.php?rest_route=%2Fwp%2Fv2%2Fcomments&post=2862"}],"version-history":[{"count":1,"href":"https:\/\/pasaenmendoza.com\/index.php?rest_route=\/wp\/v2\/posts\/2862\/revisions"}],"predecessor-version":[{"id":2864,"href":"https:\/\/pasaenmendoza.com\/index.php?rest_route=\/wp\/v2\/posts\/2862\/revisions\/2864"}],"wp:featuredmedia":[{"embeddable":true,"href":"https:\/\/pasaenmendoza.com\/index.php?rest_route=\/wp\/v2\/media\/2863"}],"wp:attachment":[{"href":"https:\/\/pasaenmendoza.com\/index.php?rest_route=%2Fwp%2Fv2%2Fmedia&parent=2862"}],"wp:term":[{"taxonomy":"category","embeddable":true,"href":"https:\/\/pasaenmendoza.com\/index.php?rest_route=%2Fwp%2Fv2%2Fcategories&post=2862"},{"taxonomy":"post_tag","embeddable":true,"href":"https:\/\/pasaenmendoza.com\/index.php?rest_route=%2Fwp%2Fv2%2Ftags&post=2862"}],"curies":[{"name":"wp","href":"https:\/\/api.w.org\/{rel}","templated":true}]}}