{"id":2867,"date":"2023-11-08T13:36:35","date_gmt":"2023-11-08T12:36:35","guid":{"rendered":"https:\/\/pasaenmendoza.com\/?p=2867"},"modified":"2023-11-08T13:36:36","modified_gmt":"2023-11-08T12:36:36","slug":"dos-hombres-fueron-apunalados-con-cuchillos-en-diferentes-hechos-en-ciudad-y-las-heras","status":"publish","type":"post","link":"https:\/\/pasaenmendoza.com\/?p=2867","title":{"rendered":"Dos hombres fueron apu\u00f1alados con cuchillos en diferentes hechos en Ciudad y Las Heras"},"content":{"rendered":"\n<p>Dos hombres ingresaron la tarde de este martes pr\u00e1cticamente a la misma hora a diferentes&nbsp;<strong>hospitales de Ciudad y Las Heras<\/strong>&nbsp;por haber resultado heridos durante ataques con armas blancas.&nbsp;<mark>Una de las v\u00edctimas presentaba insuficiencia respiratoria e iba a ser derivada el Central porque su vida se encontraba en riesgo y la otra se retir\u00f3 del nosocomio minutos despu\u00e9s de haber sido llevada en un auto particular&nbsp;<\/mark>argumentando no quer\u00eda atenci\u00f3n m\u00e9dica, detallaron fuentes policiales consultadas por&nbsp;<em><strong>El Sol.<\/strong><\/em><\/p>\n\n\n\n<p>El primero de los hechos comenz\u00f3 a investigarse a las 19 en Capital y la novedad se\u00f1alaba en un primer momento que la v\u00edctima hab\u00eda sufrido un balazo en un tiroteo y un conocido la hab\u00eda llevado en un\u00a0<strong>Gol Trend<\/strong>\u00a0hasta el Hospital Lagomaggiore.<\/p>\n\n\n\n<p>Los m\u00e9dicos de guardia entendieron que presentaba una herida de arma de fuego en el sector izquierdo del pecho \u201c<em>con orificio de entrada sin salida\u201d<\/em>\u00a0e iniciaron los trabajos de curaci\u00f3n. Esto fue debido a que las personas que lo hab\u00edan llevado hasta el efector p\u00fablico dieron a entender esa versi\u00f3n.<\/p>\n\n\n\n<p>Con el paso de los minutos, cuando el lesionado, identificado como&nbsp;<strong>Federico Gonz\u00e1lez,&nbsp;<\/strong>iba a ser ingresada a quir\u00f3fano,&nbsp;<mark>se sac\u00f3 el suero y se retir\u00f3 caminando del lugar<\/mark>. Los m\u00e9dicos lo perdieron de vista y dieron intervenci\u00f3n a la polic\u00eda.<\/p>\n\n\n\n<p>Minutos despu\u00e9s, Gonz\u00e1lez regres\u00f3 y fue asistido nuevamente por los profesionales de la salud. Mientras esto suced\u00eda, efectivos de la\u00a0<strong>Unidad Investigativa de Capital<\/strong>\u00a0(UID) confirmaron que no hab\u00eda resultado herido producto de un disparo y que\u00a0<mark>se trataba de un puntazo con arma blanca.<\/mark><\/p>\n\n\n\n<p>La propia v\u00edctima tambi\u00e9n explic\u00f3 que se encontraba consumiendo bebidas alcoh\u00f3licas con un grupo de conocidos y uno de ellos lo atac\u00f3 sin detallar los motivos. Por el diagn\u00f3stico que hicieron en la guarida, el hombre se hallaba fuera de peligro.<\/p>\n\n\n\n<p><strong>Apu\u00f1alado en Las Heras<\/strong><\/p>\n\n\n\n<p>Quien s\u00ed se encontraba en grave estado pasadas las 20 fue un hombre apu\u00f1alado por un familiar en el barrio&nbsp;<strong>Santo Tom\u00e1s de Aquino de El Algarrobal<\/strong>, en Las Heras. La v\u00edctima fue llevada de urgencia al Hospital Carrillo antes de las 19 y diagnosticaron&nbsp;<strong>insuficiencia respiratoria por lesi\u00f3n el t\u00f3rax.<\/strong><\/p>\n\n\n\n<p>Debido a la gravedad del cuadro, el herido iba a ser trasladado al Hospital Central para una intervenci\u00f3n quir\u00fargica. Efectivos de Investigaciones comenzaron a trabajar en el caso y descubrieron que el autor -prima facie- hab\u00eda sido un familiar. El presunto agresor fue identificado y comenzaron a buscarlo para que responda por el hecho.<\/p>\n\n\n\n<p>Ambas causas quedaron en manos de la fiscal de Homicidios\u00a0<strong>Andrea Lazo.<\/strong><\/p>\n\n\n\n<p><strong>Fuente: www.elsol.com.ar<\/strong><\/p>\n","protected":false},"excerpt":{"rendered":"<p>Dos hombres ingresaron la tarde de este martes pr\u00e1cticamente a la misma hora a diferentes&nbsp;hospitales de Ciudad y Las Heras&nbsp;por haber resultado heridos durante ataques con armas blancas.&nbsp;Una de las v\u00edctimas presentaba insuficiencia respiratoria e iba a ser derivada el Central porque su vida se encontraba en riesgo y la otra se retir\u00f3 del nosocomio [&hellip;]<\/p>\n","protected":false},"author":2,"featured_media":2869,"comment_status":"open","ping_status":"open","sticky":false,"template":"","format":"standard","meta":[],"categories":[48],"tags":[],"_links":{"self":[{"href":"https:\/\/pasaenmendoza.com\/index.php?rest_route=\/wp\/v2\/posts\/2867"}],"collection":[{"href":"https:\/\/pasaenmendoza.com\/index.php?rest_route=\/wp\/v2\/posts"}],"about":[{"href":"https:\/\/pasaenmendoza.com\/index.php?rest_route=\/wp\/v2\/types\/post"}],"author":[{"embeddable":true,"href":"https:\/\/pasaenmendoza.com\/index.php?rest_route=\/wp\/v2\/users\/2"}],"replies":[{"embeddable":true,"href":"https:\/\/pasaenmendoza.com\/index.php?rest_route=%2Fwp%2Fv2%2Fcomments&post=2867"}],"version-history":[{"count":1,"href":"https:\/\/pasaenmendoza.com\/index.php?rest_route=\/wp\/v2\/posts\/2867\/revisions"}],"predecessor-version":[{"id":2870,"href":"https:\/\/pasaenmendoza.com\/index.php?rest_route=\/wp\/v2\/posts\/2867\/revisions\/2870"}],"wp:featuredmedia":[{"embeddable":true,"href":"https:\/\/pasaenmendoza.com\/index.php?rest_route=\/wp\/v2\/media\/2869"}],"wp:attachment":[{"href":"https:\/\/pasaenmendoza.com\/index.php?rest_route=%2Fwp%2Fv2%2Fmedia&parent=2867"}],"wp:term":[{"taxonomy":"category","embeddable":true,"href":"https:\/\/pasaenmendoza.com\/index.php?rest_route=%2Fwp%2Fv2%2Fcategories&post=2867"},{"taxonomy":"post_tag","embeddable":true,"href":"https:\/\/pasaenmendoza.com\/index.php?rest_route=%2Fwp%2Fv2%2Ftags&post=2867"}],"curies":[{"name":"wp","href":"https:\/\/api.w.org\/{rel}","templated":true}]}}